{"id":8373,"date":"2026-05-19T10:36:55","date_gmt":"2026-05-19T08:36:55","guid":{"rendered":"https:\/\/mindgram.com\/?p=8373"},"modified":"2026-05-19T12:27:19","modified_gmt":"2026-05-19T10:27:19","slug":"pierwsza-pomoc-psychologiczna-medyczna-w-pracy","status":"publish","type":"post","link":"https:\/\/mindgram.com\/pl\/blog\/pierwsza-pomoc-psychologiczna-medyczna-w-pracy\/","title":{"rendered":"Pierwsza pomoc psychologiczna i medyczna w pracy \u2014 co ka\u017cdy HR powinien wiedzie\u0107"},"content":{"rendered":"<p>Kiedy m\u00f3wimy o pierwszej pomocy psychologicznej, my\u015blimy zwykle o rozmowie, empatii i dawaniu przestrzeni. I s\u0142usznie \u2014 jednak co si\u0119 dzieje, gdy kryzys w pracy ma wymiar nie tylko emocjonalny, ale i fizyczny?<\/p>\n<p>Podczas spotkania <strong>Akademii Pierwszej Pomocy Psychologicznej dla HR<\/strong>, Mindgram rozmawia\u0142 z <a href=\"https:\/\/www.linkedin.com\/in\/karol-baczkowski\/\" target=\"_blank\" rel=\"noopener\"><strong>Karolem B\u0105czkowskim<\/strong><\/a> \u2014 ratownikiem medycznym z 14-letnim do\u015bwiadczeniem i edukatorem pierwszej pomocy. Efekt? Zestaw wiedzy, kt\u00f3ry mo\u017ce naprawd\u0119 uratowa\u0107 \u017cycie.<\/p>\n<hr \/>\n<h2>Kryzys w pracy wygl\u0105da inaczej, ni\u017c my\u015blisz<\/h2>\n<p>W wyobra\u017ani wiele os\u00f3b kryzys w pracy = trudna rozmowa przy kawie. Rzeczywisto\u015b\u0107 bywa zupe\u0142nie inna:<\/p>\n<ul>\n<li>pracownik dostaje ataku paniki podczas spotkania,<\/li>\n<li>kto\u015b zas\u0142abnie i uderzy si\u0119 w g\u0142ow\u0119,<\/li>\n<li>osoba po rozmowie o rozwi\u0105zaniu umowy traci kontrol\u0119 nad tym, co si\u0119 z ni\u0105 dzieje,<\/li>\n<li>kto\u015b nie mo\u017ce z\u0142apa\u0107 oddechu i boi si\u0119, \u017ce umiera.<\/li>\n<\/ul>\n<p>W ka\u017cdym z tych scenariuszy <strong>HR lub mened\u017cer jest blisko<\/strong> \u2014 nie dlatego, \u017ce ma zast\u0105pi\u0107 lekarza, ale dlatego, \u017ce jest pierwszym \u015bwiadkiem sytuacji.<\/p>\n<hr \/>\n<h2>Pierwsza niemoc \u2014 dlaczego nie pomagamy?<\/h2>\n<p>Karol B\u0105czkowski wprowadzi\u0142 poj\u0119cie, kt\u00f3re mocno uderza: <strong>\u201epierwsza niemoc&#8221;<\/strong>.<\/p>\n<p>To nie zawsze jest stres. Znacznie cz\u0119\u015bciej to <strong>strach<\/strong> \u2014 przed nieznanym, przed pope\u0142nieniem b\u0142\u0119du, przed widokiem kogo\u015b w z\u0142ym stanie. I w\u0142a\u015bnie ten strach dos\u0142ownie zatrzymuje nas w miejscu.<\/p>\n<blockquote><p><em>Najwi\u0119ksz\u0105 odleg\u0142o\u015bci\u0105 w pierwszej pomocy jest ta mi\u0119dzy nami a osob\u0105, kt\u00f3ra potrzebuje pomocy.<\/em><\/p><\/blockquote>\n<p>Dop\u00f3ki nie podejdziemy, w g\u0142owie odtwarzamy dziesi\u0105tki scenariuszy. Kiedy jednak podejdziemy \u2014 mo\u017cemy zacz\u0105\u0107 dzia\u0142a\u0107. Nie perfekcyjnie. Nie jak medyk. <strong>Po ludzku.<\/strong><\/p>\n<hr \/>\n<h2>Schemat 1-2-3: trzy koszyki, kt\u00f3re trzeba zna\u0107<\/h2>\n<p>Karol zaproponowa\u0142 prosty model klasyfikacji sytuacji \u2014 nawet gdy g\u0142owa nie wsp\u00f3\u0142pracuje.<\/p>\n<h3>\u2460 Osoba przytomna i oddychaj\u0105ca<\/h3>\n<p>Reaguje, mo\u017ce m\u00f3wi\u0107 lub sygnalizowa\u0107 kontakt z otoczeniem. Mo\u017ce to by\u0107 m.in. atak paniki, zas\u0142abni\u0119cie, b\u00f3l, objaw udaru czy zawa\u0142u \u2014 je\u015bli osoba nadal jest \u015bwiadoma.<\/p>\n<p><strong>Co robi\u0107:<\/strong> podej\u015b\u0107, zosta\u0107, uspokoi\u0107, zaopiekowa\u0107 si\u0119. Rozwa\u017cy\u0107 wezwanie pomocy.<\/p>\n<h3>\u2461 Osoba nieprzytomna, ale oddychaj\u0105ca<\/h3>\n<p><strong>Zawsze wzywamy pomoc.<\/strong> Nie zostawiamy osoby samej. Zadbaj o dro\u017cno\u015b\u0107 dr\u00f3g oddechowych i u\u0142\u00f3\u017c w pozycji bezpiecznej, je\u015bli sytuacja na to pozwala.<\/p>\n<h3>\u2462 Osoba nieprzytomna i nieoddychaj\u0105ca<\/h3>\n<p>To zatrzymanie kr\u0105\u017cenia. <strong>Bez wahania:<\/strong> wezwij pomoc, zacznij uciski klatki piersiowej i u\u017cyj AED (defibrylatora), je\u015bli jest dost\u0119pny.<\/p>\n<hr \/>\n<h2>999 czy 112? Odpowied\u017a zaskoczy\u0142a wielu uczestnik\u00f3w<\/h2>\n<p>Wi\u0119kszo\u015b\u0107 ludzi odruchowo si\u0119ga po <strong>112<\/strong>. To dzia\u0142a \u2014 jednak w sytuacjach medycznych warto wiedzie\u0107, \u017ce <strong>999 to lepszy wyb\u00f3r<\/strong>.<\/p>\n<p>Dlaczego tak jest?<\/p>\n<p>Pod numerem <strong>999<\/strong> trafiamy bezpo\u015brednio do <strong>dyspozytora medycznego<\/strong>, kt\u00f3ry mo\u017ce:<\/p>\n<ul>\n<li>wys\u0142a\u0107 zesp\u00f3\u0142 ratownictwa,<\/li>\n<li>na bie\u017c\u0105co instruowa\u0107 nas, co robi\u0107 do czasu przyjazdu karetki.<\/li>\n<\/ul>\n<p>Pod 112 natomiast trafiamy do operatora, kt\u00f3ry przekierowuje nas dalej \u2014 to dzia\u0142a, ale <strong>mo\u017ce zabra\u0107 dodatkowy czas<\/strong>. A przy zatrzymaniu kr\u0105\u017cenia liczy si\u0119 ka\u017cda sekunda.<\/p>\n<p><strong>Wniosek dla HR i organizacji:<\/strong> warto edukowa\u0107 pracownik\u00f3w, \u017ce w sytuacjach medycznych dzwonimy na <strong>999<\/strong>.<\/p>\n<hr \/>\n<h2>Co powiedzie\u0107 dyspozytorowi? Mniej, ni\u017c my\u015blisz<\/h2>\n<p>Wiele os\u00f3b blokuje si\u0119 przy my\u015bli o telefonie na pogotowie, poniewa\u017c nie wie, co dok\u0142adnie powiedzie\u0107.<\/p>\n<p>Karol rozwia\u0142 ten mit: <strong>dyspozytor jest po to, \u017ceby poprowadzi\u0107 rozmow\u0119.<\/strong><\/p>\n<p>Wystarczy wi\u0119c zacz\u0105\u0107 od:<\/p>\n<blockquote><p><em>\u201eDzie\u0144 dobry, potrzebuj\u0119 pomocy.&#8221;<\/em><\/p><\/blockquote>\n<p>lub po prostu:<\/p>\n<blockquote><p><em>\u201eRatunku, pomocy.&#8221;<\/em><\/p><\/blockquote>\n<p>Dyspozytor zapyta o to, co najwa\u017cniejsze: gdzie jeste\u015b, co si\u0119 sta\u0142o, czy osoba oddycha, czy jest przytomna. Nie musisz zatem zna\u0107 medycznej nomenklatury. Twoja rola to <strong>zadzwoni\u0107, zosta\u0107 na linii i odpowiada\u0107<\/strong>.<\/p>\n<hr \/>\n<h2>Atak paniki w pracy \u2014 co robi\u0107?<\/h2>\n<p>To jeden z najcz\u0119stszych scenariuszy kryzysowych w \u015brodowisku pracy. Osoba w ataku paniki to <strong>\u201ejedynka&#8221;<\/strong> w schemacie Karola \u2014 przytomna, ale w bardzo trudnym stanie.<\/p>\n<p>Objawy ataku paniki mog\u0105 obejmowa\u0107 m.in.:<\/p>\n<ul>\n<li>szybki, p\u0142ytki oddech i uczucie duszno\u015bci,<\/li>\n<li>dr\u0119twienie r\u0105k,<\/li>\n<li>ko\u0142atanie serca,<\/li>\n<li>l\u0119k przed zawa\u0142em lub \u015bmierci\u0105.<\/li>\n<\/ul>\n<h3>Jak pom\u00f3c?<\/h3>\n<ol>\n<li><strong>Posad\u017a osob\u0119<\/strong> \u2014 zadbaj przede wszystkim o jej bezpiecze\u0144stwo.<\/li>\n<li><strong>M\u00f3w spokojnie<\/strong> \u2014 \u201eJestem z Tob\u0105&#8221;, \u201eNie zostawi\u0119 Ci\u0119&#8221;.<\/li>\n<li><strong>Pom\u00f3\u017c zwolni\u0107 oddech<\/strong> \u2014 \u201eZamknij usta, oddychaj przez nos&#8221;.<\/li>\n<li><strong>Wykorzystaj oddychanie pude\u0142kowe<\/strong> \u2014 wdech (5 sek.) \u2192 zatrzymanie (5 sek.) \u2192 wydech (5 sek.) \u2192 zatrzymanie (5 sek.).<\/li>\n<li><strong>Nie zostawiaj samej<\/strong> \u2014 bo obecno\u015b\u0107 drugiej osoby to kluczowy element pomocy.<\/li>\n<\/ol>\n<blockquote><p>Samo otwarcie okna czy poluzowanie ko\u0142nierzyka to pozorne dzia\u0142anie. Sednem jest uspokojenie oddechu i obecno\u015b\u0107.<\/p><\/blockquote>\n<hr \/>\n<h2>Jak odr\u00f3\u017cni\u0107 atak paniki od zawa\u0142u?<\/h2>\n<p>Kr\u00f3tka odpowied\u017a: <strong>jako osoby niemedyczne nie zawsze jeste\u015bmy w stanie tego rozr\u00f3\u017cni\u0107.<\/strong> I to jest w porz\u0105dku.<\/p>\n<p>Pewne wskaz\u00f3wki:<\/p>\n<p>&nbsp;<\/p>\n<table>\n<thead>\n<tr>\n<th><strong>Atak paniki<\/strong><\/th>\n<th><strong>Podejrzenie zawa\u0142u<\/strong><\/th>\n<\/tr>\n<\/thead>\n<tbody>\n<tr>\n<td style=\"text-align: center;\">Bardzo pobudzona, \u201eelektryczna&#8221;<\/td>\n<td style=\"text-align: center;\">Blada, spocona, os\u0142abiona<\/td>\n<\/tr>\n<tr>\n<td style=\"text-align: center;\">Hiperwentylacja, l\u0119k<\/td>\n<td style=\"text-align: center;\">Ci\u0119\u017cki, rozlany b\u00f3l w klatce piersiowej<\/td>\n<\/tr>\n<tr>\n<td style=\"text-align: center;\">Chce si\u0119 rusza\u0107<\/td>\n<td style=\"text-align: center;\">Ka\u017cdy wysi\u0142ek sprawia b\u00f3l<\/td>\n<\/tr>\n<\/tbody>\n<\/table>\n<p>&nbsp;<\/p>\n<p><strong>Je\u015bli masz w\u0105tpliwo\u015bci \u2014 dzwo\u0144 po pomoc.<\/strong> Lepiej zadzwoni\u0107 i us\u0142ysze\u0107, \u017ce to \u201etylko&#8221; atak paniki, ni\u017c za\u0142o\u017cy\u0107 \u017ce \u201eprzejdzie&#8221;, kiedy dzieje si\u0119 co\u015b powa\u017cnego.<\/p>\n<h3 class=\"text-text-100 mt-2 -mb-1 text-base font-bold\">Chcesz wdro\u017cy\u0107 te zasady systemowo w swojej organizacji?<\/h3>\n<p class=\"font-claude-response-body break-words whitespace-normal leading-[1.7]\">Je\u015bli chcesz nie tylko wiedzie\u0107, co robi\u0107, ale te\u017c mie\u0107 gotowe narz\u0119dzia i struktur\u0119 \u2014 <a href=\"https:\/\/learn.mindgram.com\/pl\/kurs-hr-wellbeing-ambasador\" target=\"_blank\" rel=\"noopener\">sprawd\u017a Kurs Wellbeing Ambasadora Mindgram<\/a>. To bezp\u0142atny program online dla HR i lider\u00f3w, kt\u00f3ry w 15 dni daje praktyczn\u0105 podstaw\u0119 do budowania kultury zdrowia psychicznego w firmie.<\/p>\n<p><a href=\"https:\/\/learn.mindgram.com\/pl\/kurs-hr-wellbeing-ambasador\"><img loading=\"lazy\" decoding=\"async\" class=\"wp-image-8394 size-full\" src=\"https:\/\/mindgram.com\/wp-content\/uploads\/2026\/05\/mindgram-banner-kurs.png\" alt=\"Bezp\u0142atny kurs online HR Wellbeing Ambasador \u2014 zosta\u0144 ambasadorem wellbeing w 15 dni z Mindgram\" width=\"900\" height=\"402\" srcset=\"https:\/\/mindgram.com\/wp-content\/uploads\/2026\/05\/mindgram-banner-kurs.png 900w, https:\/\/mindgram.com\/wp-content\/uploads\/2026\/05\/mindgram-banner-kurs-300x134.png 300w, https:\/\/mindgram.com\/wp-content\/uploads\/2026\/05\/mindgram-banner-kurs-768x343.png 768w\" sizes=\"auto, (max-width: 900px) 100vw, 900px\" \/><\/a><\/p>\n<hr \/>\n<h2>Defibrylator AED \u2014 nie tylko dla lekarzy<\/h2>\n<p>AED (automatyczny defibrylator zewn\u0119trzny) to urz\u0105dzenie zaprojektowane <strong>dla \u015bwiadk\u00f3w zdarzenia<\/strong> \u2014 nie dla medyk\u00f3w. Prowadzi u\u017cytkownika komunikatami g\u0142osowymi krok po kroku, dlatego nie trzeba mie\u0107 specjalistycznej wiedzy, \u017ceby go u\u017cy\u0107.<\/p>\n<p>Warto zna\u0107 kilka wa\u017cnych fakt\u00f3w:<\/p>\n<ul>\n<li><strong>Mo\u017cna go u\u017cy\u0107 u osoby z rozrusznikiem serca<\/strong> \u2014 poniewa\u017c je\u015bli kto\u015b nie oddycha i jest nieprzytomny, ratujemy go tym samym schematem.<\/li>\n<li><strong>Z\u0142amanie \u017cebra podczas ucisk\u00f3w jest mo\u017cliwe<\/strong> \u2014 jednak w sytuacji zatrzymania kr\u0105\u017cenia priorytetem jest \u017cycie. Strach przed \u201ezrobieniem krzywdy&#8221; nie mo\u017ce powstrzyma\u0107 nas przed dzia\u0142aniem.<\/li>\n<li><strong>Oddechy ratunkowe nie s\u0105 obowi\u0105zkowe<\/strong> dla os\u00f3b nieprzeszkolonych \u2014 w efekcie najwa\u017cniejsze s\u0105 uciski klatki piersiowej i AED.<\/li>\n<\/ul>\n<hr \/>\n<h2>Co warto mie\u0107 w firmowej apteczce?<\/h2>\n<p>Kilka praktycznych wskaz\u00f3wek od Karola:<\/p>\n<p><strong>R\u0119kawiczki jednorazowe w plastikowym jajku po Kinder Niespodziance<\/strong> \u2014 brzmi\u0105 banalnie, a mog\u0105 zmieni\u0107 wszystko. Maj\u0105c barier\u0119 ochronn\u0105, \u0142atwiej przekroczy\u0107 pr\u00f3g i zacz\u0105\u0107 pomaga\u0107.<\/p>\n<p><strong>Ci\u015bnieniomierz medyczny<\/strong> \u2014 przy b\u00f3lu g\u0142owy, krwawieniu z nosa, zawrotach g\u0142owy \u2014 pomiar ci\u015bnienia to cenna informacja dla dyspozytora.<\/p>\n<p><strong>Co powinno by\u0107 w apteczce firmowej:<\/strong><\/p>\n<ul>\n<li>r\u0119kawiczki jednorazowe,<\/li>\n<li>chusta tr\u00f3jk\u0105tna,<\/li>\n<li>folia NRC,<\/li>\n<li>no\u017cyczki,<\/li>\n<li>plastry i gaziki,<\/li>\n<li>opaski elastyczne,<\/li>\n<li>opatrunki hydro\u017celowe (np. na oparzenia),<\/li>\n<li>materia\u0142y na krwawienia,<\/li>\n<li>worek na wymioty,<\/li>\n<li>p\u0142yn do przemycia oka.<\/li>\n<\/ul>\n<p><strong>Wa\u017cne:<\/strong> apteczka musi by\u0107 <strong>mobilna, widoczna i dost\u0119pna<\/strong>. Szuflada pe\u0142na materia\u0142\u00f3w opatrunkowych, do kt\u00f3rej biegniemy 50 metr\u00f3w \u2014 w praktyce nie spe\u0142nia swojej roli.<\/p>\n<hr \/>\n<h2>Prewencja: pierwsza pomoc zaczyna si\u0119 du\u017co wcze\u015bniej<\/h2>\n<p>Karol podkre\u015bla\u0142, \u017ce wiele kryzys\u00f3w zdrowotnych w pracy ma swoje korzenie w codziennych zaniedbaniach. Dlatego warto zwr\u00f3ci\u0107 uwag\u0119 na trzy podstawowe filary:<\/p>\n<h3>\ud83d\udca7 Nawodnienie<\/h3>\n<p>Prosta zasada orientacyjna: oko\u0142o <strong>30\u201340 ml p\u0142yn\u00f3w na kilogram masy cia\u0142a<\/strong> dziennie (uwzgl\u0119dniaj\u0105c wod\u0119 z warzyw i owoc\u00f3w). Co wa\u017cne, po nocy jeste\u015bmy naturalnie odwodnieni \u2014 warto zatem zacz\u0105\u0107 dzie\u0144 od wody.<\/p>\n<h3>\ud83c\udf7d\ufe0f Jedzenie<\/h3>\n<p>Pracownik, kt\u00f3ry przychodzi g\u0142odny i na kawie, ma zupe\u0142nie inny pr\u00f3g reakcji stresowej ni\u017c kto\u015b od\u017cywiony. To nie jest \u201emi\u0119kki temat&#8221; \u2014 to czysta fizjologia.<\/p>\n<h3>\ud83d\ude34 Sen<\/h3>\n<p>Dla wielu doros\u0142ych <strong>7\u20138 godzin to minimum<\/strong>. Sen nie jest luksusem \u2014 jest natomiast elementem bezpiecze\u0144stwa. Niewyspany pracownik to wy\u017csze ryzyko b\u0142\u0119d\u00f3w, konflikt\u00f3w i pogorszenia stanu zdrowia.<\/p>\n<hr \/>\n<h2>Najcz\u0119stsze pytania z webinaru<\/h2>\n<p><strong>Kiedy zawsze wzywamy pogotowie?<\/strong> Gdy osoba jest nieprzytomna (nawet je\u015bli oddycha) oraz gdy jest nieprzytomna i nie oddycha. Przy osobach przytomnych natomiast \u2014 kieruj si\u0119 objawami i zdrowym rozs\u0105dkiem. Ostry b\u00f3l klatki piersiowej, zaburzenia \u015bwiadomo\u015bci, objawy udaru \u2192 dzwo\u0144.<\/p>\n<p><strong>Czy przy ataku paniki mo\u017cna zadzwoni\u0107 po karetk\u0119?<\/strong> Tak \u2014 szczeg\u00f3lnie gdy to pierwszy taki epizod, objawy s\u0105 bardzo silne lub nie masz pewno\u015bci, z czym masz do czynienia. W takich przypadkach lepiej zadzwoni\u0107 i rozwia\u0107 w\u0105tpliwo\u015bci.<\/p>\n<p><strong>Co zrobi\u0107, gdy pracownik zemdla\u0142, odzyska\u0142 przytomno\u015b\u0107, ale odmawia pomocy?<\/strong> Oce\u0144, czy jest zorientowany i logicznie odpowiada. Je\u015bli jest spl\u0105tany, wymiotuje lub zachowuje si\u0119 nietypowo po urazie g\u0142owy \u2014 zadzwo\u0144 po pomoc niezale\u017cnie od jego odmowy, poniewa\u017c objawy neurologiczne mog\u0105 pojawi\u0107 si\u0119 z op\u00f3\u017anieniem.<\/p>\n<p><strong>Czy pracodawca powinien informowa\u0107 o tym, kto jest przeszkolony z pierwszej pomocy?<\/strong> Tak, zdecydowanie. Pracownicy powinni wiedzie\u0107, gdzie jest apteczka, gdzie jest AED i do kogo si\u0119 zwr\u00f3ci\u0107 w nag\u0142ej sytuacji.<\/p>\n<hr \/>\n<h2>Podsumowanie: obecno\u015b\u0107 to fundament<\/h2>\n<p>Pierwsza pomoc psychologiczna i medyczna maj\u0105 jeden wsp\u00f3lny mianownik: <strong>obecno\u015b\u0107<\/strong>.<\/p>\n<p>W praktyce oznacza to r\u00f3\u017cne rzeczy \u2014 spokojn\u0105 rozmow\u0119, podanie wody, a niekiedy wezwanie pomocy. Zdarza si\u0119 te\u017c, \u017ce chodzi o co\u015b bardziej fizycznego: uciskanie klatki piersiowej albo po prostu powiedzenie:<\/p>\n<blockquote><p><em>\u201eJestem z Tob\u0105. Oddychaj. Nie zostawi\u0119 Ci\u0119.&#8221;<\/em><\/p><\/blockquote>\n<p>Im wi\u0119cej wiemy, tym mniejsza nasza pierwsza niemoc. A im mniejsza niemoc \u2014 tym wi\u0119ksza szansa, \u017ce w decyduj\u0105cym momencie nie odwr\u00f3cimy wzroku, tylko podejdziemy.<\/p>\n<hr \/>\n<p><em>Artyku\u0142 powsta\u0142 na podstawie rozmowy z Karolem B\u0105czkowskim, ratownikiem medycznym z 14-letnim do\u015bwiadczeniem, w ramach Akademii Pierwszej Pomocy Psychologicznej dla HR organizowanej przez Mindgram.<\/em><\/p>\n<hr \/>\n<h2>Dodatkowe wsparcie dla organizacji<\/h2>\n<p>Je\u015bli widzisz, \u017ce temat depresji, wypalenia lub przewlek\u0142ego stresu pojawia si\u0119 w Twoim zespole \u2014 sama edukacja to dopiero pierwszy krok. Warto zadba\u0107 te\u017c o systemowe wsparcie dla lider\u00f3w i pracownik\u00f3w, zanim dojdzie do g\u0142\u0119bokiego kryzysu.<\/p>\n<p>Chcesz dowiedzie\u0107 si\u0119, jak Mindgram mo\u017ce wesprze\u0107 Tw\u00f3j zesp\u00f3\u0142? Um\u00f3w bezp\u0142atn\u0105 rozmow\u0119 discovery call z naszym ekspertem. To dobre miejsce, \u017ceby om\u00f3wi\u0107 potrzeby organizacji i znale\u017a\u0107 realne rozwi\u0105zania.<\/p>\n<p><a href=\"https:\/\/meetings-eu1.hubspot.com\/natalia-zawadzka\/pl-button-discovery-call-round-robin\" target=\"_blank\" rel=\"noopener\">Um\u00f3w bezp\u0142atn\u0105 rozmow\u0119 \u2192<\/a><\/p>\n","protected":false},"excerpt":{"rendered":"<p>Kiedy m\u00f3wimy o pierwszej pomocy psychologicznej, my\u015blimy zwykle o rozmowie, empatii i dawaniu przestrzeni. I s\u0142usznie \u2014 jednak co si\u0119 dzieje, gdy kryzys w pracy ma wymiar nie tylko emocjonalny, ale i fizyczny? Podczas spotkania Akademii Pierwszej Pomocy Psychologicznej dla HR, Mindgram rozmawia\u0142 z Karolem B\u0105czkowskim \u2014 ratownikiem medycznym z 14-letnim do\u015bwiadczeniem i edukatorem pierwszej [&hellip;]<\/p>\n","protected":false},"author":20,"featured_media":8374,"comment_status":"closed","ping_status":"open","sticky":false,"template":"","format":"standard","meta":{"_acf_changed":false,"inline_featured_image":false,"footnotes":""},"categories":[27,28],"tags":[173,122,175,172,174,108,57],"class_list":["post-8373","post","type-post","status-publish","format-standard","has-post-thumbnail","hentry","category-well-being","category-zdrowie","tag-atak-paniki","tag-hr-2","tag-kryzys-w-pracy","tag-pierwsza-pomoc","tag-ratownictwo-medyczne","tag-wellbeing-2","tag-zdrowie-psychiczne"],"acf":[],"yoast_head":"<!-- This site is optimized with the Yoast SEO plugin v26.3 - https:\/\/yoast.com\/wordpress\/plugins\/seo\/ -->\n<title>Pierwsza pomoc psychologiczna i medyczna w pracy | Mindgram<\/title>\n<meta name=\"description\" content=\"Jak reagowa\u0107, gdy pracownik zemdleje, dostanie ataku paniki lub potrzebuje pomocy medycznej? Praktyczny przewodnik dla HR i mened\u017cer\u00f3w.\" \/>\n<meta name=\"robots\" content=\"index, follow, max-snippet:-1, max-image-preview:large, max-video-preview:-1\" \/>\n<link rel=\"canonical\" href=\"https:\/\/mindgram.com\/pl\/blog\/pierwsza-pomoc-psychologiczna-medyczna-w-pracy\/\" \/>\n<meta property=\"og:locale\" content=\"pl_PL\" \/>\n<meta property=\"og:type\" content=\"article\" \/>\n<meta property=\"og:title\" content=\"Pierwsza pomoc psychologiczna i medyczna w pracy | Mindgram\" \/>\n<meta property=\"og:description\" content=\"Jak reagowa\u0107, gdy pracownik zemdleje, dostanie ataku paniki lub potrzebuje pomocy medycznej? Praktyczny przewodnik dla HR i mened\u017cer\u00f3w.\" \/>\n<meta property=\"og:url\" content=\"https:\/\/mindgram.com\/pl\/blog\/pierwsza-pomoc-psychologiczna-medyczna-w-pracy\/\" \/>\n<meta property=\"og:site_name\" content=\"Mindgram\" \/>\n<meta property=\"article:published_time\" content=\"2026-05-19T08:36:55+00:00\" \/>\n<meta property=\"article:modified_time\" content=\"2026-05-19T10:27:19+00:00\" \/>\n<meta property=\"og:image\" content=\"https:\/\/mindgram.com\/wp-content\/uploads\/2026\/05\/2026_03-Akademia-Pierwszej-Pomocy-Psychologicznej-dla-HR-SoMe-14.png\" \/>\n\t<meta property=\"og:image:width\" content=\"1920\" \/>\n\t<meta property=\"og:image:height\" content=\"1080\" \/>\n\t<meta property=\"og:image:type\" content=\"image\/png\" \/>\n<meta name=\"author\" content=\"Marketing Mindgram\" \/>\n<meta name=\"twitter:card\" content=\"summary_large_image\" \/>\n<script type=\"application\/ld+json\" class=\"yoast-schema-graph\">{\"@context\":\"https:\/\/schema.org\",\"@graph\":[{\"@type\":\"Article\",\"@id\":\"https:\/\/mindgram.com\/pl\/blog\/pierwsza-pomoc-psychologiczna-medyczna-w-pracy\/#article\",\"isPartOf\":{\"@id\":\"https:\/\/mindgram.com\/pl\/blog\/pierwsza-pomoc-psychologiczna-medyczna-w-pracy\/\"},\"author\":{\"name\":\"Marketing Mindgram\",\"@id\":\"https:\/\/mindgram.com\/pl\/#\/schema\/person\/714cf2b677d0c79af7e82b4973482c70\"},\"headline\":\"Pierwsza pomoc psychologiczna i medyczna w pracy \u2014 co ka\u017cdy HR powinien wiedzie\u0107\",\"datePublished\":\"2026-05-19T08:36:55+00:00\",\"dateModified\":\"2026-05-19T10:27:19+00:00\",\"mainEntityOfPage\":{\"@id\":\"https:\/\/mindgram.com\/pl\/blog\/pierwsza-pomoc-psychologiczna-medyczna-w-pracy\/\"},\"wordCount\":1620,\"publisher\":{\"@id\":\"https:\/\/mindgram.com\/pl\/#organization\"},\"image\":{\"@id\":\"https:\/\/mindgram.com\/pl\/blog\/pierwsza-pomoc-psychologiczna-medyczna-w-pracy\/#primaryimage\"},\"thumbnailUrl\":\"https:\/\/mindgram.com\/wp-content\/uploads\/2026\/05\/2026_03-Akademia-Pierwszej-Pomocy-Psychologicznej-dla-HR-SoMe-14.png\",\"keywords\":[\"atak paniki\",\"HR\",\"kryzys w pracy\",\"pierwsza pomoc\",\"ratownictwo medyczne\",\"wellbeing\",\"zdrowie psychiczne\"],\"articleSection\":[\"Well-being\",\"Zdrowie\"],\"inLanguage\":\"pl-PL\"},{\"@type\":\"WebPage\",\"@id\":\"https:\/\/mindgram.com\/pl\/blog\/pierwsza-pomoc-psychologiczna-medyczna-w-pracy\/\",\"url\":\"https:\/\/mindgram.com\/pl\/blog\/pierwsza-pomoc-psychologiczna-medyczna-w-pracy\/\",\"name\":\"Pierwsza pomoc psychologiczna i medyczna w pracy | Mindgram\",\"isPartOf\":{\"@id\":\"https:\/\/mindgram.com\/pl\/#website\"},\"primaryImageOfPage\":{\"@id\":\"https:\/\/mindgram.com\/pl\/blog\/pierwsza-pomoc-psychologiczna-medyczna-w-pracy\/#primaryimage\"},\"image\":{\"@id\":\"https:\/\/mindgram.com\/pl\/blog\/pierwsza-pomoc-psychologiczna-medyczna-w-pracy\/#primaryimage\"},\"thumbnailUrl\":\"https:\/\/mindgram.com\/wp-content\/uploads\/2026\/05\/2026_03-Akademia-Pierwszej-Pomocy-Psychologicznej-dla-HR-SoMe-14.png\",\"datePublished\":\"2026-05-19T08:36:55+00:00\",\"dateModified\":\"2026-05-19T10:27:19+00:00\",\"description\":\"Jak reagowa\u0107, gdy pracownik zemdleje, dostanie ataku paniki lub potrzebuje pomocy medycznej? Praktyczny przewodnik dla HR i mened\u017cer\u00f3w.\",\"breadcrumb\":{\"@id\":\"https:\/\/mindgram.com\/pl\/blog\/pierwsza-pomoc-psychologiczna-medyczna-w-pracy\/#breadcrumb\"},\"inLanguage\":\"pl-PL\",\"potentialAction\":[{\"@type\":\"ReadAction\",\"target\":[\"https:\/\/mindgram.com\/pl\/blog\/pierwsza-pomoc-psychologiczna-medyczna-w-pracy\/\"]}]},{\"@type\":\"ImageObject\",\"inLanguage\":\"pl-PL\",\"@id\":\"https:\/\/mindgram.com\/pl\/blog\/pierwsza-pomoc-psychologiczna-medyczna-w-pracy\/#primaryimage\",\"url\":\"https:\/\/mindgram.com\/wp-content\/uploads\/2026\/05\/2026_03-Akademia-Pierwszej-Pomocy-Psychologicznej-dla-HR-SoMe-14.png\",\"contentUrl\":\"https:\/\/mindgram.com\/wp-content\/uploads\/2026\/05\/2026_03-Akademia-Pierwszej-Pomocy-Psychologicznej-dla-HR-SoMe-14.png\",\"width\":1920,\"height\":1080,\"caption\":\"Karol B\u0105czkowski, ratownik medyczny \u2013 prelegent webinaru z cyklu Akademii Pierwszej Pomocy\"},{\"@type\":\"BreadcrumbList\",\"@id\":\"https:\/\/mindgram.com\/pl\/blog\/pierwsza-pomoc-psychologiczna-medyczna-w-pracy\/#breadcrumb\",\"itemListElement\":[{\"@type\":\"ListItem\",\"position\":1,\"name\":\"Home\",\"item\":\"https:\/\/mindgram.com\/pl\/\"},{\"@type\":\"ListItem\",\"position\":2,\"name\":\"Pierwsza pomoc psychologiczna i medyczna w pracy \u2014 co ka\u017cdy HR powinien wiedzie\u0107\"}]},{\"@type\":\"WebSite\",\"@id\":\"https:\/\/mindgram.com\/pl\/#website\",\"url\":\"https:\/\/mindgram.com\/pl\/\",\"name\":\"Mindgram\",\"description\":\"Najnowocze\u015bniejszy benefit pracowniczy. Ju\u017c niebawem w Polsce! Wsparcie psychologiczne i rozw\u00f3j osobisty online dla Twoich pracownik\u00f3w.\",\"publisher\":{\"@id\":\"https:\/\/mindgram.com\/pl\/#organization\"},\"potentialAction\":[{\"@type\":\"SearchAction\",\"target\":{\"@type\":\"EntryPoint\",\"urlTemplate\":\"https:\/\/mindgram.com\/pl\/?s={search_term_string}\"},\"query-input\":{\"@type\":\"PropertyValueSpecification\",\"valueRequired\":true,\"valueName\":\"search_term_string\"}}],\"inLanguage\":\"pl-PL\"},{\"@type\":\"Organization\",\"@id\":\"https:\/\/mindgram.com\/pl\/#organization\",\"name\":\"Mindgram\",\"url\":\"https:\/\/mindgram.com\/pl\/\",\"logo\":{\"@type\":\"ImageObject\",\"inLanguage\":\"pl-PL\",\"@id\":\"https:\/\/mindgram.com\/pl\/#\/schema\/logo\/image\/\",\"url\":\"https:\/\/mindgram.com\/wp-content\/uploads\/2021\/02\/new-logo.png\",\"contentUrl\":\"https:\/\/mindgram.com\/wp-content\/uploads\/2021\/02\/new-logo.png\",\"width\":288,\"height\":56,\"caption\":\"Mindgram\"},\"image\":{\"@id\":\"https:\/\/mindgram.com\/pl\/#\/schema\/logo\/image\/\"}},{\"@type\":\"Person\",\"@id\":\"https:\/\/mindgram.com\/pl\/#\/schema\/person\/714cf2b677d0c79af7e82b4973482c70\",\"name\":\"Marketing Mindgram\",\"image\":{\"@type\":\"ImageObject\",\"inLanguage\":\"pl-PL\",\"@id\":\"https:\/\/mindgram.com\/pl\/#\/schema\/person\/image\/\",\"url\":\"https:\/\/secure.gravatar.com\/avatar\/486679471c7eb2a1ea2fbf4595cd2384071dbc915a2897f3648d6d24a13ec310?s=96&d=mm&r=g\",\"contentUrl\":\"https:\/\/secure.gravatar.com\/avatar\/486679471c7eb2a1ea2fbf4595cd2384071dbc915a2897f3648d6d24a13ec310?s=96&d=mm&r=g\",\"caption\":\"Marketing Mindgram\"},\"url\":\"https:\/\/mindgram.com\/pl\/author\/marketing-mindgram\/\"}]}<\/script>\n<!-- \/ Yoast SEO plugin. -->","yoast_head_json":{"title":"Pierwsza pomoc psychologiczna i medyczna w pracy | Mindgram","description":"Jak reagowa\u0107, gdy pracownik zemdleje, dostanie ataku paniki lub potrzebuje pomocy medycznej? Praktyczny przewodnik dla HR i mened\u017cer\u00f3w.","robots":{"index":"index","follow":"follow","max-snippet":"max-snippet:-1","max-image-preview":"max-image-preview:large","max-video-preview":"max-video-preview:-1"},"canonical":"https:\/\/mindgram.com\/pl\/blog\/pierwsza-pomoc-psychologiczna-medyczna-w-pracy\/","og_locale":"pl_PL","og_type":"article","og_title":"Pierwsza pomoc psychologiczna i medyczna w pracy | Mindgram","og_description":"Jak reagowa\u0107, gdy pracownik zemdleje, dostanie ataku paniki lub potrzebuje pomocy medycznej? Praktyczny przewodnik dla HR i mened\u017cer\u00f3w.","og_url":"https:\/\/mindgram.com\/pl\/blog\/pierwsza-pomoc-psychologiczna-medyczna-w-pracy\/","og_site_name":"Mindgram","article_published_time":"2026-05-19T08:36:55+00:00","article_modified_time":"2026-05-19T10:27:19+00:00","og_image":[{"width":1920,"height":1080,"url":"https:\/\/mindgram.com\/wp-content\/uploads\/2026\/05\/2026_03-Akademia-Pierwszej-Pomocy-Psychologicznej-dla-HR-SoMe-14.png","type":"image\/png"}],"author":"Marketing Mindgram","twitter_card":"summary_large_image","schema":{"@context":"https:\/\/schema.org","@graph":[{"@type":"Article","@id":"https:\/\/mindgram.com\/pl\/blog\/pierwsza-pomoc-psychologiczna-medyczna-w-pracy\/#article","isPartOf":{"@id":"https:\/\/mindgram.com\/pl\/blog\/pierwsza-pomoc-psychologiczna-medyczna-w-pracy\/"},"author":{"name":"Marketing Mindgram","@id":"https:\/\/mindgram.com\/pl\/#\/schema\/person\/714cf2b677d0c79af7e82b4973482c70"},"headline":"Pierwsza pomoc psychologiczna i medyczna w pracy \u2014 co ka\u017cdy HR powinien wiedzie\u0107","datePublished":"2026-05-19T08:36:55+00:00","dateModified":"2026-05-19T10:27:19+00:00","mainEntityOfPage":{"@id":"https:\/\/mindgram.com\/pl\/blog\/pierwsza-pomoc-psychologiczna-medyczna-w-pracy\/"},"wordCount":1620,"publisher":{"@id":"https:\/\/mindgram.com\/pl\/#organization"},"image":{"@id":"https:\/\/mindgram.com\/pl\/blog\/pierwsza-pomoc-psychologiczna-medyczna-w-pracy\/#primaryimage"},"thumbnailUrl":"https:\/\/mindgram.com\/wp-content\/uploads\/2026\/05\/2026_03-Akademia-Pierwszej-Pomocy-Psychologicznej-dla-HR-SoMe-14.png","keywords":["atak paniki","HR","kryzys w pracy","pierwsza pomoc","ratownictwo medyczne","wellbeing","zdrowie psychiczne"],"articleSection":["Well-being","Zdrowie"],"inLanguage":"pl-PL"},{"@type":"WebPage","@id":"https:\/\/mindgram.com\/pl\/blog\/pierwsza-pomoc-psychologiczna-medyczna-w-pracy\/","url":"https:\/\/mindgram.com\/pl\/blog\/pierwsza-pomoc-psychologiczna-medyczna-w-pracy\/","name":"Pierwsza pomoc psychologiczna i medyczna w pracy | Mindgram","isPartOf":{"@id":"https:\/\/mindgram.com\/pl\/#website"},"primaryImageOfPage":{"@id":"https:\/\/mindgram.com\/pl\/blog\/pierwsza-pomoc-psychologiczna-medyczna-w-pracy\/#primaryimage"},"image":{"@id":"https:\/\/mindgram.com\/pl\/blog\/pierwsza-pomoc-psychologiczna-medyczna-w-pracy\/#primaryimage"},"thumbnailUrl":"https:\/\/mindgram.com\/wp-content\/uploads\/2026\/05\/2026_03-Akademia-Pierwszej-Pomocy-Psychologicznej-dla-HR-SoMe-14.png","datePublished":"2026-05-19T08:36:55+00:00","dateModified":"2026-05-19T10:27:19+00:00","description":"Jak reagowa\u0107, gdy pracownik zemdleje, dostanie ataku paniki lub potrzebuje pomocy medycznej? Praktyczny przewodnik dla HR i mened\u017cer\u00f3w.","breadcrumb":{"@id":"https:\/\/mindgram.com\/pl\/blog\/pierwsza-pomoc-psychologiczna-medyczna-w-pracy\/#breadcrumb"},"inLanguage":"pl-PL","potentialAction":[{"@type":"ReadAction","target":["https:\/\/mindgram.com\/pl\/blog\/pierwsza-pomoc-psychologiczna-medyczna-w-pracy\/"]}]},{"@type":"ImageObject","inLanguage":"pl-PL","@id":"https:\/\/mindgram.com\/pl\/blog\/pierwsza-pomoc-psychologiczna-medyczna-w-pracy\/#primaryimage","url":"https:\/\/mindgram.com\/wp-content\/uploads\/2026\/05\/2026_03-Akademia-Pierwszej-Pomocy-Psychologicznej-dla-HR-SoMe-14.png","contentUrl":"https:\/\/mindgram.com\/wp-content\/uploads\/2026\/05\/2026_03-Akademia-Pierwszej-Pomocy-Psychologicznej-dla-HR-SoMe-14.png","width":1920,"height":1080,"caption":"Karol B\u0105czkowski, ratownik medyczny \u2013 prelegent webinaru z cyklu Akademii Pierwszej Pomocy"},{"@type":"BreadcrumbList","@id":"https:\/\/mindgram.com\/pl\/blog\/pierwsza-pomoc-psychologiczna-medyczna-w-pracy\/#breadcrumb","itemListElement":[{"@type":"ListItem","position":1,"name":"Home","item":"https:\/\/mindgram.com\/pl\/"},{"@type":"ListItem","position":2,"name":"Pierwsza pomoc psychologiczna i medyczna w pracy \u2014 co ka\u017cdy HR powinien wiedzie\u0107"}]},{"@type":"WebSite","@id":"https:\/\/mindgram.com\/pl\/#website","url":"https:\/\/mindgram.com\/pl\/","name":"Mindgram","description":"Najnowocze\u015bniejszy benefit pracowniczy. Ju\u017c niebawem w Polsce! Wsparcie psychologiczne i rozw\u00f3j osobisty online dla Twoich pracownik\u00f3w.","publisher":{"@id":"https:\/\/mindgram.com\/pl\/#organization"},"potentialAction":[{"@type":"SearchAction","target":{"@type":"EntryPoint","urlTemplate":"https:\/\/mindgram.com\/pl\/?s={search_term_string}"},"query-input":{"@type":"PropertyValueSpecification","valueRequired":true,"valueName":"search_term_string"}}],"inLanguage":"pl-PL"},{"@type":"Organization","@id":"https:\/\/mindgram.com\/pl\/#organization","name":"Mindgram","url":"https:\/\/mindgram.com\/pl\/","logo":{"@type":"ImageObject","inLanguage":"pl-PL","@id":"https:\/\/mindgram.com\/pl\/#\/schema\/logo\/image\/","url":"https:\/\/mindgram.com\/wp-content\/uploads\/2021\/02\/new-logo.png","contentUrl":"https:\/\/mindgram.com\/wp-content\/uploads\/2021\/02\/new-logo.png","width":288,"height":56,"caption":"Mindgram"},"image":{"@id":"https:\/\/mindgram.com\/pl\/#\/schema\/logo\/image\/"}},{"@type":"Person","@id":"https:\/\/mindgram.com\/pl\/#\/schema\/person\/714cf2b677d0c79af7e82b4973482c70","name":"Marketing Mindgram","image":{"@type":"ImageObject","inLanguage":"pl-PL","@id":"https:\/\/mindgram.com\/pl\/#\/schema\/person\/image\/","url":"https:\/\/secure.gravatar.com\/avatar\/486679471c7eb2a1ea2fbf4595cd2384071dbc915a2897f3648d6d24a13ec310?s=96&d=mm&r=g","contentUrl":"https:\/\/secure.gravatar.com\/avatar\/486679471c7eb2a1ea2fbf4595cd2384071dbc915a2897f3648d6d24a13ec310?s=96&d=mm&r=g","caption":"Marketing Mindgram"},"url":"https:\/\/mindgram.com\/pl\/author\/marketing-mindgram\/"}]}},"_links":{"self":[{"href":"https:\/\/mindgram.com\/pl\/wp-json\/wp\/v2\/posts\/8373","targetHints":{"allow":["GET"]}}],"collection":[{"href":"https:\/\/mindgram.com\/pl\/wp-json\/wp\/v2\/posts"}],"about":[{"href":"https:\/\/mindgram.com\/pl\/wp-json\/wp\/v2\/types\/post"}],"author":[{"embeddable":true,"href":"https:\/\/mindgram.com\/pl\/wp-json\/wp\/v2\/users\/20"}],"replies":[{"embeddable":true,"href":"https:\/\/mindgram.com\/pl\/wp-json\/wp\/v2\/comments?post=8373"}],"version-history":[{"count":8,"href":"https:\/\/mindgram.com\/pl\/wp-json\/wp\/v2\/posts\/8373\/revisions"}],"predecessor-version":[{"id":8402,"href":"https:\/\/mindgram.com\/pl\/wp-json\/wp\/v2\/posts\/8373\/revisions\/8402"}],"wp:featuredmedia":[{"embeddable":true,"href":"https:\/\/mindgram.com\/pl\/wp-json\/wp\/v2\/media\/8374"}],"wp:attachment":[{"href":"https:\/\/mindgram.com\/pl\/wp-json\/wp\/v2\/media?parent=8373"}],"wp:term":[{"taxonomy":"category","embeddable":true,"href":"https:\/\/mindgram.com\/pl\/wp-json\/wp\/v2\/categories?post=8373"},{"taxonomy":"post_tag","embeddable":true,"href":"https:\/\/mindgram.com\/pl\/wp-json\/wp\/v2\/tags?post=8373"}],"curies":[{"name":"wp","href":"https:\/\/api.w.org\/{rel}","templated":true}]}}