{"id":4699,"date":"2022-07-25T08:56:22","date_gmt":"2022-07-25T06:56:22","guid":{"rendered":"https:\/\/mindgram.cfolks.pl\/?p=4699"},"modified":"2022-09-09T15:03:20","modified_gmt":"2022-09-09T13:03:20","slug":"presentismo-laboral-en-empresas","status":"publish","type":"post","link":"https:\/\/mindgram.com\/es\/blog\/presentismo-laboral-en-empresas\/","title":{"rendered":"El presentismo laboral en las empresas"},"content":{"rendered":"<p><span style=\"font-weight: 400;\">El presentismo laboral es la p\u00e9rdida significativa de productividad y rendimiento continuada en el tiempo. Una persona que sufre presentismo laboral acude a su puesto de trabajo pero no realiza sus tareas de forma productiva. Estas personas suelen alargar sus tareas en el tiempo o realizar tareas personales durante su jornada laboral.<\/span><\/p>\n<p><span style=\"font-weight: 400;\">Un estudio realizado por Adecco indica que casi el 31% de las empresas espa\u00f1olas est\u00e1n afectadas por este problema, conocido coloquialmente como \u201ccalentar la silla\u201d.<\/span><\/p>\n<h2><span style=\"font-weight: 400;\">\u00a05 causas del presentismo laboral<\/span><\/h2>\n<p><span style=\"font-weight: 400;\">El presentismo laboral puede ser provocado por causas personales, pero en la mayor\u00eda de los casos aparece debido a ciertos factores de la empresa en la que trabajan. El temor a tener que buscar otro trabajo lleva a muchas personas a aguantar en sus puestos actuales aunque no se sientan motivados.<\/span><\/p>\n<p><span style=\"font-weight: 400;\">Algunas de las principales causas del presentismo laboral son:<\/span><\/p>\n<p>&nbsp;<\/p>\n<ol>\n<li><b>Falta de motivaci\u00f3n:<\/b><span style=\"font-weight: 400;\"> Siempre que un trabajador no est\u00e9 motivado o implicado en su trabajo buscar\u00e1\u00a0 formas de \u2018\u2019huir\u2019\u2019 o de realizar el m\u00ednimo esfuerzo. El presentismo laboral es s\u00f3lo una de las muchas consecuencias de la falta de motivaci\u00f3n.<\/span><\/li>\n<li><b>\u00a0Exceso de trabajo<\/b><span style=\"font-weight: 400;\">: Si los equipos se ven desbordados de trabajo y sienten que no pueden abordarlo o soportarlo m\u00e1s tiempo, <\/span><span style=\"font-weight: 400;\">pueden saturarse y dejar sin hacer parte de sus tareas<\/span><span style=\"font-weight: 400;\">. Esto reduce su rendimiento y productividad.<\/span><\/li>\n<li><b>Mala cultura empresarial:<\/b> <span style=\"font-weight: 400;\">Aqu\u00ed se engloban factores como el sentimiento de pertenencia, la cohesi\u00f3n de los equipos, objetivos comunes, preocupaci\u00f3n de la empresa por el bienestar de sus equipos, etc. <\/span>Si en una organizaci\u00f3n existe una mala cultura empresarial o no hay ninguna cultura empresarial, es m\u00e1s probable que aparezcan casos de presentismo laboral que en una organizaci\u00f3n con una buena cultura empresarial.<\/li>\n<li><b>Jornadas laborales excesivamente largas<\/b><span style=\"font-weight: 400;\">: <\/span><span style=\"font-weight: 400;\">Las jornadas laborales excesivamente largas pueden provocar desmotivaci\u00f3n y falta de compromiso con la empresa porque no permiten la <a href=\"https:\/\/mindgram.com\/es\/blog\/conciliacion-equilibrio-trabajo-vida-personal\/\">conciliaci\u00f3n<\/a>. Adem\u00e1s, despu\u00e9s de muchas horas trabajando la concentraci\u00f3n disminuye considerablemente.<\/span><\/li>\n<li><b>Problemas personales:<\/b> <span style=\"font-weight: 400;\">A veces los problemas de casa se llevan inevitablemente al trabajo. Todas las personas van a tener problemas personales en alg\u00fan momento, y esto puede afectar a su rendimiento y concentraci\u00f3n en el trabajo.<\/span><\/li>\n<\/ol>\n<h2><span style=\"font-weight: 400;\">Principales consecuencias del presentismo laboral<\/span><\/h2>\n<p><span style=\"font-weight: 400;\">Como hemos visto, lo primero que se ve perjudicado cuando aparece el presentismo laboral es la productividad. Pero este problema tiene otras consecuencias para la empresa y las personas:<\/span><\/p>\n<ul>\n<li style=\"font-weight: 400;\" aria-level=\"1\"><span style=\"font-weight: 400;\">Baja calidad en el resultado de los proyectos.<\/span><\/li>\n<li style=\"font-weight: 400;\" aria-level=\"1\"><span style=\"font-weight: 400;\"><a href=\"https:\/\/mindgram.com\/es\/blog\/estres-laboral-en-los-trabajadores\/\">Estr\u00e9s laboral<\/a> y otro tipo de enfermedades que afectan a la salud mental.<\/span><\/li>\n<li style=\"font-weight: 400;\" aria-level=\"1\"><span style=\"font-weight: 400;\">Conflictos entre los miembros de los equipos.<\/span><\/li>\n<li style=\"font-weight: 400;\" aria-level=\"1\"><span style=\"font-weight: 400;\">Desaparece el sentimiento de pertenencia de la empresa .<\/span><\/li>\n<li style=\"font-weight: 400;\" aria-level=\"1\"><span style=\"font-weight: 400;\">Se deja de favorecer la mejora del talento interno.<\/span><\/li>\n<li style=\"font-weight: 400;\" aria-level=\"1\"><span style=\"font-weight: 400;\">Peor atractivo empresarial del talento externo al mostrar una alta rotaci\u00f3n de personal.<\/span><\/li>\n<\/ul>\n<h2><span style=\"font-weight: 400;\">\u00a07 consejos para evitar la aparici\u00f3n de presentismo laboral<\/span><\/h2>\n<p><span style=\"font-weight: 400;\">Para evitar que aparezca el presentismo laboral es fundamental pensar en el bienestar de los equipos, sus emociones, y su salud f\u00edsica y mental.<\/span><\/p>\n<p><span style=\"font-weight: 400;\">Estos son 8 consejos para trabajar estos campos y poder evitar el presentismo laboral en tus equipos.<\/span><\/p>\n<p>&nbsp;<\/p>\n<h3><span style=\"font-weight: 400;\">\u00a01. Jornada laboral flexible<\/span><\/h3>\n<p><span style=\"font-weight: 400;\">El objetivo principal de implementar un horario flexible es permitir la autogesti\u00f3n del tiempo a cada persona del equipo. Esto les permite realizar sus tareas en los momentos del d\u00eda en los que son m\u00e1s productivos y una mayor conciliaci\u00f3n entre vida laboral y vida privada.<\/span><\/p>\n<p><span style=\"font-weight: 400;\">Pero la jornada flexible tiene un riesgo: el control horario. Por eso, es necesario implementar sistemas de control horario para evitar que las personas trabajen menos horas de las establecidas, y tambi\u00e9n para evitar que trabajen de m\u00e1s y acaben sufriendo <\/span><span style=\"font-weight: 400;\"><a href=\"https:\/\/mindgram.com\/es\/desgaste-ocupacional\/\">burnout<\/a>.<\/span><\/p>\n<h3><span style=\"font-weight: 400;\">2. Software de gesti\u00f3n de proyectos y tareas<\/span><\/h3>\n<p><span style=\"font-weight: 400;\">Mediante el uso de herramientas de control de proyectos y tareas puede resultar sencillo detectar problemas de productividad. Se podr\u00e1 ver si se le est\u00e1 dedicando demasiado tiempo a un determinado proyecto, si no se le presta atenci\u00f3n a otros, e incluso gestionar la productividad a nivel de tareas individuales.<\/span><\/p>\n<h3><span style=\"font-weight: 400;\">3. Mejora la comunicaci\u00f3n<\/span><\/h3>\n<p><span style=\"font-weight: 400;\">Fomentar la buena comunicaci\u00f3n a todos los niveles de la organizaci\u00f3n es fundamental para evitar la aparici\u00f3n de casos de presentismo laboral.\u00a0<\/span><\/p>\n<p><span style=\"font-weight: 400;\">Si existe una cultura de comunicaci\u00f3n honesta y transparente, los miembros del equipo se sentir\u00e1n m\u00e1s c\u00f3modos expresando sus preocupaciones y frustraciones. As\u00ed, se podr\u00e1n identificar los problemas m\u00e1s f\u00e1cilmente y se podr\u00e1 encontrar la soluci\u00f3n<\/span><\/p>\n<h3><span style=\"font-weight: 400;\">\u00a04. Aumentar el sentimiento de pertenencia<\/span><\/h3>\n<p><span style=\"font-weight: 400;\">Si existe una alta cohesi\u00f3n en los equipos y sienten que \u00abforman parte de algo m\u00e1s grande\u00bb, su motivaci\u00f3n aumentar\u00e1 y trabajar\u00e1n conjuntamente hacia objetivos comunes.<\/span><\/p>\n<p><span style=\"font-weight: 400;\">El presentismo laboral se puede prevenir si existe apoyo entre los equipos. Si entre ellos los lazos son positivos sentir\u00e1n que el no esforzarse en su trabajo perjudicar\u00e1 a los dem\u00e1s.<\/span><\/p>\n<h3><span style=\"font-weight: 400;\">5. Evitar la monoton\u00eda<\/span><\/h3>\n<p><span style=\"font-weight: 400;\">Si todas las jornadas de trabajo son id\u00e9nticas, una persona puede acabar realizando las tareas de forma mec\u00e1nica perdiendo la concentraci\u00f3n. Aunque las tareas que deba realizar una persona sean iguales o muy similares todos los d\u00edas, se debe intentar introducir variedad en el entorno de trabajo.<\/span><\/p>\n<p><span style=\"font-weight: 400;\">Caer en la monoton\u00eda puede desencadenar un sentimiento de desinter\u00e9s hacia su trabajo y la p\u00e9rdida de motivaci\u00f3n, lo que perjudica enormemente el rendimiento del equipo.\u00a0<\/span><\/p>\n<h3><span style=\"font-weight: 400;\">6. Recursos para facilitar su desarrollo personal y profesional<\/span><\/h3>\n<p><span style=\"font-weight: 400;\">Si los miembros tienen constantemente dificultades para realizar sus tareas su motivaci\u00f3n se ver\u00e1 afectada y como consecuencia de ello se puede dar situaciones de presentismo laboral.<\/span><\/p>\n<p><span style=\"font-weight: 400;\">Ofrecerles recursos que les permitan mejorar sus habilidades profesionales y seguir desarroll\u00e1ndose puede aumentar la motivaci\u00f3n, el compromiso, y la productividad de las personas.<\/span><\/p>\n<h3><span style=\"font-weight: 400;\">\u00a07. Cuidar la salud y el bienestar de los equipos<\/span><\/h3>\n<p><span style=\"font-weight: 400;\">Los problemas de salud pueden favorecer la aparici\u00f3n de presentismo laboral. Es importante fomentar el cuidado de la salud en las organizaciones, tanto la salud f\u00edsica como la salud mental.\u00a0<\/span><\/p>\n<p><span style=\"font-weight: 400;\">Algunas buenas pr\u00e1cticas son realizar controles m\u00e9dicos, fomentar el ejercicio f\u00edsico y la alimentaci\u00f3n saludable, no estigmatizar la salud mental, y poner a disposici\u00f3n de los miembros del equipo herramientas que les permitan trabajar en su salud y bienestar.<\/span><\/p>\n<p>&nbsp;<\/p>\n<p><span style=\"font-weight: 400;\">Mindgram es la herramienta que te ayuda a construir equipos sanos y organizaciones resilientes. Solicita ahora una <\/span><a href=\"https:\/\/demo.mindgram.com\/\"><span style=\"font-weight: 400;\">demo de 14 d\u00edas gratuita a Mindgram<\/span><\/a><span style=\"font-weight: 400;\"> y descubre c\u00f3mo podemos ayudar a tu organizaci\u00f3n.<\/span><\/p>\n","protected":false},"excerpt":{"rendered":"<p>El presentismo laboral es la p\u00e9rdida significativa de productividad y rendimiento continuada en el tiempo. Una persona que sufre presentismo laboral acude a su puesto de trabajo pero no realiza sus tareas de forma productiva. Estas personas suelen alargar sus tareas en el tiempo o realizar tareas personales durante su jornada laboral. Un estudio realizado [&hellip;]<\/p>\n","protected":false},"author":26,"featured_media":4700,"comment_status":"open","ping_status":"open","sticky":false,"template":"","format":"standard","meta":{"_acf_changed":false,"inline_featured_image":false,"footnotes":""},"categories":[30,34],"tags":[],"class_list":["post-4699","post","type-post","status-publish","format-standard","has-post-thumbnail","hentry","category-para-empleadores","category-trabajo-y-desarrollo"],"acf":[],"yoast_head":"<!-- This site is optimized with the Yoast SEO plugin v26.3 - https:\/\/yoast.com\/wordpress\/plugins\/seo\/ -->\n<title>El presentismo laboral en las empresas - Mindgram<\/title>\n<meta name=\"description\" content=\"Un estudio por Adecco indica que casi el 31% de las empresas espa\u00f1olas est\u00e1n afectadas por el presentismo. Descubre por qu\u00e9 ocurre y c\u00f3mo solucionarlo.\" \/>\n<meta name=\"robots\" content=\"index, follow, max-snippet:-1, max-image-preview:large, max-video-preview:-1\" \/>\n<link rel=\"canonical\" href=\"https:\/\/mindgram.com\/es\/blog\/presentismo-laboral-en-empresas\/\" \/>\n<meta property=\"og:locale\" content=\"es_ES\" \/>\n<meta property=\"og:type\" content=\"article\" \/>\n<meta property=\"og:title\" content=\"El presentismo laboral en las empresas - Mindgram\" \/>\n<meta property=\"og:description\" content=\"Un estudio por Adecco indica que casi el 31% de las empresas espa\u00f1olas est\u00e1n afectadas por el presentismo. Descubre por qu\u00e9 ocurre y c\u00f3mo solucionarlo.\" \/>\n<meta property=\"og:url\" content=\"https:\/\/mindgram.com\/es\/blog\/presentismo-laboral-en-empresas\/\" \/>\n<meta property=\"og:site_name\" content=\"Mindgram\" \/>\n<meta property=\"article:published_time\" content=\"2022-07-25T06:56:22+00:00\" \/>\n<meta property=\"article:modified_time\" content=\"2022-09-09T13:03:20+00:00\" \/>\n<meta property=\"og:image\" content=\"https:\/\/mindgram.com\/wp-content\/uploads\/2022\/07\/07.25.22.jpg\" \/>\n\t<meta property=\"og:image:width\" content=\"1200\" \/>\n\t<meta property=\"og:image:height\" content=\"630\" \/>\n\t<meta property=\"og:image:type\" content=\"image\/jpeg\" \/>\n<meta name=\"author\" content=\"Adam Czarnocki\" \/>\n<meta name=\"twitter:card\" content=\"summary_large_image\" \/>\n<script type=\"application\/ld+json\" class=\"yoast-schema-graph\">{\"@context\":\"https:\/\/schema.org\",\"@graph\":[{\"@type\":\"Article\",\"@id\":\"https:\/\/mindgram.com\/es\/blog\/presentismo-laboral-en-empresas\/#article\",\"isPartOf\":{\"@id\":\"https:\/\/mindgram.com\/es\/blog\/presentismo-laboral-en-empresas\/\"},\"author\":{\"name\":\"Adam Czarnocki\",\"@id\":\"https:\/\/mindgram.com\/es\/#\/schema\/person\/eb1d910cc5671513870f51626b36c816\"},\"headline\":\"El presentismo laboral en las empresas\",\"datePublished\":\"2022-07-25T06:56:22+00:00\",\"dateModified\":\"2022-09-09T13:03:20+00:00\",\"mainEntityOfPage\":{\"@id\":\"https:\/\/mindgram.com\/es\/blog\/presentismo-laboral-en-empresas\/\"},\"wordCount\":1087,\"commentCount\":0,\"publisher\":{\"@id\":\"https:\/\/mindgram.com\/es\/#organization\"},\"image\":{\"@id\":\"https:\/\/mindgram.com\/es\/blog\/presentismo-laboral-en-empresas\/#primaryimage\"},\"thumbnailUrl\":\"https:\/\/mindgram.com\/wp-content\/uploads\/2022\/07\/07.25.22.jpg\",\"articleSection\":[\"Para empleadores\",\"Trabajo y desarrollo\"],\"inLanguage\":\"es\",\"potentialAction\":[{\"@type\":\"CommentAction\",\"name\":\"Comment\",\"target\":[\"https:\/\/mindgram.com\/es\/blog\/presentismo-laboral-en-empresas\/#respond\"]}]},{\"@type\":\"WebPage\",\"@id\":\"https:\/\/mindgram.com\/es\/blog\/presentismo-laboral-en-empresas\/\",\"url\":\"https:\/\/mindgram.com\/es\/blog\/presentismo-laboral-en-empresas\/\",\"name\":\"El presentismo laboral en las empresas - Mindgram\",\"isPartOf\":{\"@id\":\"https:\/\/mindgram.com\/es\/#website\"},\"primaryImageOfPage\":{\"@id\":\"https:\/\/mindgram.com\/es\/blog\/presentismo-laboral-en-empresas\/#primaryimage\"},\"image\":{\"@id\":\"https:\/\/mindgram.com\/es\/blog\/presentismo-laboral-en-empresas\/#primaryimage\"},\"thumbnailUrl\":\"https:\/\/mindgram.com\/wp-content\/uploads\/2022\/07\/07.25.22.jpg\",\"datePublished\":\"2022-07-25T06:56:22+00:00\",\"dateModified\":\"2022-09-09T13:03:20+00:00\",\"description\":\"Un estudio por Adecco indica que casi el 31% de las empresas espa\u00f1olas est\u00e1n afectadas por el presentismo. Descubre por qu\u00e9 ocurre y c\u00f3mo solucionarlo.\",\"breadcrumb\":{\"@id\":\"https:\/\/mindgram.com\/es\/blog\/presentismo-laboral-en-empresas\/#breadcrumb\"},\"inLanguage\":\"es\",\"potentialAction\":[{\"@type\":\"ReadAction\",\"target\":[\"https:\/\/mindgram.com\/es\/blog\/presentismo-laboral-en-empresas\/\"]}]},{\"@type\":\"ImageObject\",\"inLanguage\":\"es\",\"@id\":\"https:\/\/mindgram.com\/es\/blog\/presentismo-laboral-en-empresas\/#primaryimage\",\"url\":\"https:\/\/mindgram.com\/wp-content\/uploads\/2022\/07\/07.25.22.jpg\",\"contentUrl\":\"https:\/\/mindgram.com\/wp-content\/uploads\/2022\/07\/07.25.22.jpg\",\"width\":1200,\"height\":630,\"caption\":\"el presentismo laboral afecta a las empresas es importante saber envitarlo\"},{\"@type\":\"BreadcrumbList\",\"@id\":\"https:\/\/mindgram.com\/es\/blog\/presentismo-laboral-en-empresas\/#breadcrumb\",\"itemListElement\":[{\"@type\":\"ListItem\",\"position\":1,\"name\":\"Home\",\"item\":\"https:\/\/mindgram.com\/es\/\"},{\"@type\":\"ListItem\",\"position\":2,\"name\":\"El presentismo laboral en las empresas\"}]},{\"@type\":\"WebSite\",\"@id\":\"https:\/\/mindgram.com\/es\/#website\",\"url\":\"https:\/\/mindgram.com\/es\/\",\"name\":\"Mindgram\",\"description\":\"Najnowocze\u015bniejszy benefit pracowniczy. Ju\u017c niebawem w Polsce! Wsparcie psychologiczne i rozw\u00f3j osobisty online dla Twoich pracownik\u00f3w.\",\"publisher\":{\"@id\":\"https:\/\/mindgram.com\/es\/#organization\"},\"potentialAction\":[{\"@type\":\"SearchAction\",\"target\":{\"@type\":\"EntryPoint\",\"urlTemplate\":\"https:\/\/mindgram.com\/es\/?s={search_term_string}\"},\"query-input\":{\"@type\":\"PropertyValueSpecification\",\"valueRequired\":true,\"valueName\":\"search_term_string\"}}],\"inLanguage\":\"es\"},{\"@type\":\"Organization\",\"@id\":\"https:\/\/mindgram.com\/es\/#organization\",\"name\":\"Mindgram\",\"url\":\"https:\/\/mindgram.com\/es\/\",\"logo\":{\"@type\":\"ImageObject\",\"inLanguage\":\"es\",\"@id\":\"https:\/\/mindgram.com\/es\/#\/schema\/logo\/image\/\",\"url\":\"https:\/\/mindgram.com\/wp-content\/uploads\/2021\/02\/new-logo.png\",\"contentUrl\":\"https:\/\/mindgram.com\/wp-content\/uploads\/2021\/02\/new-logo.png\",\"width\":288,\"height\":56,\"caption\":\"Mindgram\"},\"image\":{\"@id\":\"https:\/\/mindgram.com\/es\/#\/schema\/logo\/image\/\"}},{\"@type\":\"Person\",\"@id\":\"https:\/\/mindgram.com\/es\/#\/schema\/person\/eb1d910cc5671513870f51626b36c816\",\"name\":\"Adam Czarnocki\",\"image\":{\"@type\":\"ImageObject\",\"inLanguage\":\"es\",\"@id\":\"https:\/\/mindgram.com\/es\/#\/schema\/person\/image\/\",\"url\":\"https:\/\/secure.gravatar.com\/avatar\/60c218ac6eac4a6f73d24e08900b8b0474c4c98cc3e40436320b24e06782ae2b?s=96&d=mm&r=g\",\"contentUrl\":\"https:\/\/secure.gravatar.com\/avatar\/60c218ac6eac4a6f73d24e08900b8b0474c4c98cc3e40436320b24e06782ae2b?s=96&d=mm&r=g\",\"caption\":\"Adam Czarnocki\"},\"url\":\"https:\/\/mindgram.com\/es\/author\/adam-czarnocki\/\"}]}<\/script>\n<!-- \/ Yoast SEO plugin. -->","yoast_head_json":{"title":"El presentismo laboral en las empresas - Mindgram","description":"Un estudio por Adecco indica que casi el 31% de las empresas espa\u00f1olas est\u00e1n afectadas por el presentismo. Descubre por qu\u00e9 ocurre y c\u00f3mo solucionarlo.","robots":{"index":"index","follow":"follow","max-snippet":"max-snippet:-1","max-image-preview":"max-image-preview:large","max-video-preview":"max-video-preview:-1"},"canonical":"https:\/\/mindgram.com\/es\/blog\/presentismo-laboral-en-empresas\/","og_locale":"es_ES","og_type":"article","og_title":"El presentismo laboral en las empresas - Mindgram","og_description":"Un estudio por Adecco indica que casi el 31% de las empresas espa\u00f1olas est\u00e1n afectadas por el presentismo. Descubre por qu\u00e9 ocurre y c\u00f3mo solucionarlo.","og_url":"https:\/\/mindgram.com\/es\/blog\/presentismo-laboral-en-empresas\/","og_site_name":"Mindgram","article_published_time":"2022-07-25T06:56:22+00:00","article_modified_time":"2022-09-09T13:03:20+00:00","og_image":[{"width":1200,"height":630,"url":"https:\/\/mindgram.com\/wp-content\/uploads\/2022\/07\/07.25.22.jpg","type":"image\/jpeg"}],"author":"Adam Czarnocki","twitter_card":"summary_large_image","schema":{"@context":"https:\/\/schema.org","@graph":[{"@type":"Article","@id":"https:\/\/mindgram.com\/es\/blog\/presentismo-laboral-en-empresas\/#article","isPartOf":{"@id":"https:\/\/mindgram.com\/es\/blog\/presentismo-laboral-en-empresas\/"},"author":{"name":"Adam Czarnocki","@id":"https:\/\/mindgram.com\/es\/#\/schema\/person\/eb1d910cc5671513870f51626b36c816"},"headline":"El presentismo laboral en las empresas","datePublished":"2022-07-25T06:56:22+00:00","dateModified":"2022-09-09T13:03:20+00:00","mainEntityOfPage":{"@id":"https:\/\/mindgram.com\/es\/blog\/presentismo-laboral-en-empresas\/"},"wordCount":1087,"commentCount":0,"publisher":{"@id":"https:\/\/mindgram.com\/es\/#organization"},"image":{"@id":"https:\/\/mindgram.com\/es\/blog\/presentismo-laboral-en-empresas\/#primaryimage"},"thumbnailUrl":"https:\/\/mindgram.com\/wp-content\/uploads\/2022\/07\/07.25.22.jpg","articleSection":["Para empleadores","Trabajo y desarrollo"],"inLanguage":"es","potentialAction":[{"@type":"CommentAction","name":"Comment","target":["https:\/\/mindgram.com\/es\/blog\/presentismo-laboral-en-empresas\/#respond"]}]},{"@type":"WebPage","@id":"https:\/\/mindgram.com\/es\/blog\/presentismo-laboral-en-empresas\/","url":"https:\/\/mindgram.com\/es\/blog\/presentismo-laboral-en-empresas\/","name":"El presentismo laboral en las empresas - Mindgram","isPartOf":{"@id":"https:\/\/mindgram.com\/es\/#website"},"primaryImageOfPage":{"@id":"https:\/\/mindgram.com\/es\/blog\/presentismo-laboral-en-empresas\/#primaryimage"},"image":{"@id":"https:\/\/mindgram.com\/es\/blog\/presentismo-laboral-en-empresas\/#primaryimage"},"thumbnailUrl":"https:\/\/mindgram.com\/wp-content\/uploads\/2022\/07\/07.25.22.jpg","datePublished":"2022-07-25T06:56:22+00:00","dateModified":"2022-09-09T13:03:20+00:00","description":"Un estudio por Adecco indica que casi el 31% de las empresas espa\u00f1olas est\u00e1n afectadas por el presentismo. Descubre por qu\u00e9 ocurre y c\u00f3mo solucionarlo.","breadcrumb":{"@id":"https:\/\/mindgram.com\/es\/blog\/presentismo-laboral-en-empresas\/#breadcrumb"},"inLanguage":"es","potentialAction":[{"@type":"ReadAction","target":["https:\/\/mindgram.com\/es\/blog\/presentismo-laboral-en-empresas\/"]}]},{"@type":"ImageObject","inLanguage":"es","@id":"https:\/\/mindgram.com\/es\/blog\/presentismo-laboral-en-empresas\/#primaryimage","url":"https:\/\/mindgram.com\/wp-content\/uploads\/2022\/07\/07.25.22.jpg","contentUrl":"https:\/\/mindgram.com\/wp-content\/uploads\/2022\/07\/07.25.22.jpg","width":1200,"height":630,"caption":"el presentismo laboral afecta a las empresas es importante saber envitarlo"},{"@type":"BreadcrumbList","@id":"https:\/\/mindgram.com\/es\/blog\/presentismo-laboral-en-empresas\/#breadcrumb","itemListElement":[{"@type":"ListItem","position":1,"name":"Home","item":"https:\/\/mindgram.com\/es\/"},{"@type":"ListItem","position":2,"name":"El presentismo laboral en las empresas"}]},{"@type":"WebSite","@id":"https:\/\/mindgram.com\/es\/#website","url":"https:\/\/mindgram.com\/es\/","name":"Mindgram","description":"Najnowocze\u015bniejszy benefit pracowniczy. Ju\u017c niebawem w Polsce! Wsparcie psychologiczne i rozw\u00f3j osobisty online dla Twoich pracownik\u00f3w.","publisher":{"@id":"https:\/\/mindgram.com\/es\/#organization"},"potentialAction":[{"@type":"SearchAction","target":{"@type":"EntryPoint","urlTemplate":"https:\/\/mindgram.com\/es\/?s={search_term_string}"},"query-input":{"@type":"PropertyValueSpecification","valueRequired":true,"valueName":"search_term_string"}}],"inLanguage":"es"},{"@type":"Organization","@id":"https:\/\/mindgram.com\/es\/#organization","name":"Mindgram","url":"https:\/\/mindgram.com\/es\/","logo":{"@type":"ImageObject","inLanguage":"es","@id":"https:\/\/mindgram.com\/es\/#\/schema\/logo\/image\/","url":"https:\/\/mindgram.com\/wp-content\/uploads\/2021\/02\/new-logo.png","contentUrl":"https:\/\/mindgram.com\/wp-content\/uploads\/2021\/02\/new-logo.png","width":288,"height":56,"caption":"Mindgram"},"image":{"@id":"https:\/\/mindgram.com\/es\/#\/schema\/logo\/image\/"}},{"@type":"Person","@id":"https:\/\/mindgram.com\/es\/#\/schema\/person\/eb1d910cc5671513870f51626b36c816","name":"Adam Czarnocki","image":{"@type":"ImageObject","inLanguage":"es","@id":"https:\/\/mindgram.com\/es\/#\/schema\/person\/image\/","url":"https:\/\/secure.gravatar.com\/avatar\/60c218ac6eac4a6f73d24e08900b8b0474c4c98cc3e40436320b24e06782ae2b?s=96&d=mm&r=g","contentUrl":"https:\/\/secure.gravatar.com\/avatar\/60c218ac6eac4a6f73d24e08900b8b0474c4c98cc3e40436320b24e06782ae2b?s=96&d=mm&r=g","caption":"Adam Czarnocki"},"url":"https:\/\/mindgram.com\/es\/author\/adam-czarnocki\/"}]}},"_links":{"self":[{"href":"https:\/\/mindgram.com\/es\/wp-json\/wp\/v2\/posts\/4699","targetHints":{"allow":["GET"]}}],"collection":[{"href":"https:\/\/mindgram.com\/es\/wp-json\/wp\/v2\/posts"}],"about":[{"href":"https:\/\/mindgram.com\/es\/wp-json\/wp\/v2\/types\/post"}],"author":[{"embeddable":true,"href":"https:\/\/mindgram.com\/es\/wp-json\/wp\/v2\/users\/26"}],"replies":[{"embeddable":true,"href":"https:\/\/mindgram.com\/es\/wp-json\/wp\/v2\/comments?post=4699"}],"version-history":[{"count":8,"href":"https:\/\/mindgram.com\/es\/wp-json\/wp\/v2\/posts\/4699\/revisions"}],"predecessor-version":[{"id":4993,"href":"https:\/\/mindgram.com\/es\/wp-json\/wp\/v2\/posts\/4699\/revisions\/4993"}],"wp:featuredmedia":[{"embeddable":true,"href":"https:\/\/mindgram.com\/es\/wp-json\/wp\/v2\/media\/4700"}],"wp:attachment":[{"href":"https:\/\/mindgram.com\/es\/wp-json\/wp\/v2\/media?parent=4699"}],"wp:term":[{"taxonomy":"category","embeddable":true,"href":"https:\/\/mindgram.com\/es\/wp-json\/wp\/v2\/categories?post=4699"},{"taxonomy":"post_tag","embeddable":true,"href":"https:\/\/mindgram.com\/es\/wp-json\/wp\/v2\/tags?post=4699"}],"curies":[{"name":"wp","href":"https:\/\/api.w.org\/{rel}","templated":true}]}}