{"id":4066,"date":"2022-05-09T11:30:27","date_gmt":"2022-05-09T09:30:27","guid":{"rendered":"https:\/\/mindgram.cfolks.pl\/?p=4066"},"modified":"2022-08-01T14:04:45","modified_gmt":"2022-08-01T12:04:45","slug":"la-retribucion-flexible-y-el-bienestar-laboral","status":"publish","type":"post","link":"https:\/\/mindgram.com\/es\/blog\/la-retribucion-flexible-y-el-bienestar-laboral\/","title":{"rendered":"La retribuci\u00f3n flexible y el bienestar laboral"},"content":{"rendered":"<p><span style=\"font-weight: 400;\"><span style=\"vertical-align: inherit;\"><span style=\"vertical-align: inherit;\"><span style=\"vertical-align: inherit;\"><span style=\"vertical-align: inherit;\"><span style=\"vertical-align: inherit;\"><span style=\"vertical-align: inherit;\"><span style=\"vertical-align: inherit;\"><span style=\"vertical-align: inherit;\">La retribuci\u00f3n flexible ofrece la posibilidad de brindar a sus equipos la oportunidad de tener un beneficio fiscal percibiendo de esta manera un salario mayor lleno de servicios que se adaptan a las necesidades de cada miembro del equipo.\u00a0<\/span><\/span><\/span><\/span><\/span><\/span><\/span><\/span><\/span><\/p>\n<p><span style=\"font-weight: 400;\"><span style=\"vertical-align: inherit;\"><span style=\"vertical-align: inherit;\"><span style=\"vertical-align: inherit;\"><span style=\"vertical-align: inherit;\"><span style=\"vertical-align: inherit;\"><span style=\"vertical-align: inherit;\"><span style=\"vertical-align: inherit;\"><span style=\"vertical-align: inherit;\">Estos gastos que el trabajador incluyen dentro de su sistema de retribuci\u00f3n flexible quedan exentos de pagar el IRPF por lo que, tal y como dec\u00edamos, permite sacar mayor rentabilidad al salario. <\/span><\/span><\/span><\/span><\/span><\/span><\/span><span style=\"vertical-align: inherit;\"><span style=\"vertical-align: inherit;\"><span style=\"vertical-align: inherit;\"><span style=\"vertical-align: inherit;\"><span style=\"vertical-align: inherit;\"><span style=\"vertical-align: inherit;\"><span style=\"vertical-align: inherit;\">Hablaremos de todas las ventajas que proporciona la modalidad de retribuci\u00f3n flexible, de los beneficios positivos que consideramos que esto ofrece para la salud mental de tu equipo y por qu\u00e9 se deber\u00eda tener en cuenta para aplicarlo.\u00a0<\/span><\/span><\/span><\/span><\/span><\/span><\/span><\/span><\/span><\/p>\n<p><span style=\"font-weight: 400;\"><span style=\"vertical-align: inherit;\"><span style=\"vertical-align: inherit;\"><span style=\"vertical-align: inherit;\"><span style=\"vertical-align: inherit;\"><span style=\"vertical-align: inherit;\"><span style=\"vertical-align: inherit;\"><span style=\"vertical-align: inherit;\"><span style=\"vertical-align: inherit;\">En Espa\u00f1a son muchas las empresas que lo aplican y con el paso del tiempo los servicios que esta incluido se han ido ampliando. <\/span><\/span><\/span><\/span><\/span><\/span><\/span><span style=\"vertical-align: inherit;\"><span style=\"vertical-align: inherit;\"><span style=\"vertical-align: inherit;\"><span style=\"vertical-align: inherit;\"><span style=\"vertical-align: inherit;\"><span style=\"vertical-align: inherit;\"><span style=\"vertical-align: inherit;\">La empresa puede proponer los servicios a sus equipos y son las personas las que deciden si quieren aprovechar estas ayudas.\u00a0<\/span><\/span><\/span><\/span><\/span><\/span><\/span><\/span><\/span><\/p>\n<h2><b><span style=\"vertical-align: inherit;\"><span style=\"vertical-align: inherit;\"><span style=\"vertical-align: inherit;\"><span style=\"vertical-align: inherit;\"><span style=\"vertical-align: inherit;\"><span style=\"vertical-align: inherit;\"><span style=\"vertical-align: inherit;\"><span style=\"vertical-align: inherit;\">\u00bfC\u00f3mo se puede aplicar este modelo de retribuci\u00f3n flexible?<\/span><\/span><\/span><\/span><\/span><\/span><\/span><\/span><\/b><\/h2>\n<p><b>\u00a0<\/b><span style=\"font-weight: 400;\"><span style=\"vertical-align: inherit;\"><span style=\"vertical-align: inherit;\"><span style=\"vertical-align: inherit;\"><span style=\"vertical-align: inherit;\"><span style=\"vertical-align: inherit;\"><span style=\"vertical-align: inherit;\"><span style=\"vertical-align: inherit;\"><span style=\"vertical-align: inherit;\">Estos son algunos ejemplos de los servicios que cobran el modelo de retribuci\u00f3n flexible:<\/span><\/span><\/span><\/span><\/span><\/span><\/span><\/span><\/span><\/p>\n<p>&nbsp;<\/p>\n<ul>\n<li style=\"font-weight: 400;\" aria-level=\"1\"><b><span style=\"vertical-align: inherit;\"><span style=\"vertical-align: inherit;\"><span style=\"vertical-align: inherit;\"><span style=\"vertical-align: inherit;\"><span style=\"vertical-align: inherit;\"><span style=\"vertical-align: inherit;\"><span style=\"vertical-align: inherit;\"><span style=\"vertical-align: inherit;\">Tarjeta de transporte: <\/span><\/span><\/span><\/span><\/span><\/span><\/span><\/span><\/b><span style=\"font-weight: 400;\"><span style=\"vertical-align: inherit;\"><span style=\"vertical-align: inherit;\"><span style=\"vertical-align: inherit;\"><span style=\"vertical-align: inherit;\"><span style=\"vertical-align: inherit;\"><span style=\"vertical-align: inherit;\"><span style=\"vertical-align: inherit;\"><span style=\"vertical-align: inherit;\">Es posible que muchas de las personas de una empresa tengan que recorrer largas distancias para llegar a su trabajo o existan dificultades a la hora de combinar el horario laboral con los horarios del transporte p\u00fablico. <\/span><\/span><\/span><\/span><\/span><\/span><\/span><span style=\"vertical-align: inherit;\"><span style=\"vertical-align: inherit;\"><span style=\"vertical-align: inherit;\"><span style=\"vertical-align: inherit;\"><span style=\"vertical-align: inherit;\"><span style=\"vertical-align: inherit;\"><span style=\"vertical-align: inherit;\">Ofrecer esta ayuda permitir\u00e1 un ahorro importante en el desplazamiento.<\/span><\/span><\/span><\/span><\/span><\/span><\/span><\/span><\/span><\/li>\n<\/ul>\n<p>&nbsp;<\/p>\n<ul>\n<li><b><span style=\"vertical-align: inherit;\"><span style=\"vertical-align: inherit;\"><span style=\"vertical-align: inherit;\"><span style=\"vertical-align: inherit;\"><span style=\"vertical-align: inherit;\"><span style=\"vertical-align: inherit;\"><span style=\"vertical-align: inherit;\"><span style=\"vertical-align: inherit;\">Tickets de restaurante <\/span><\/span><\/span><\/span><\/span><\/span><\/span><\/span><\/b><span style=\"font-weight: 400;\"><span style=\"vertical-align: inherit;\"><span style=\"vertical-align: inherit;\"><span style=\"vertical-align: inherit;\"><span style=\"vertical-align: inherit;\"><span style=\"vertical-align: inherit;\"><span style=\"vertical-align: inherit;\"><span style=\"vertical-align: inherit;\"><span style=\"vertical-align: inherit;\">: En Espa\u00f1a, la jornada partida es muy com\u00fan por lo que en muchas ocasiones no siempre da tiempo o no sale rentable volver a casa en ese tiempo de descanso entre la ma\u00f1ana y la tarde. <\/span><\/span><\/span><\/span><\/span><\/span><\/span><span style=\"vertical-align: inherit;\"><span style=\"vertical-align: inherit;\"><span style=\"vertical-align: inherit;\"><span style=\"vertical-align: inherit;\"><span style=\"vertical-align: inherit;\"><span style=\"vertical-align: inherit;\"><span style=\"vertical-align: inherit;\">Esta es la raz\u00f3n com\u00fan que m\u00e1s se tiene en cuenta a la hora de ofrecer este servicio. <\/span><\/span><\/span><\/span><\/span><\/span><\/span><span style=\"vertical-align: inherit;\"><span style=\"vertical-align: inherit;\"><span style=\"vertical-align: inherit;\"><span style=\"vertical-align: inherit;\"><span style=\"vertical-align: inherit;\"><span style=\"vertical-align: inherit;\"><span style=\"vertical-align: inherit;\">La persona que trabaja en la empresa dispondr\u00e1 de la posibilidad de obtener descuentos en la comida (o incluso que la organizaci\u00f3n se encargue de la totalidad de la comida) y aprovecharse de ello para comer en restaurantes de la zona cercana al lugar de trabajo.\u00a0<\/span><\/span><\/span><\/span><\/span><\/span><\/span><\/span><\/span><\/li>\n<\/ul>\n<p>&nbsp;<\/p>\n<ul>\n<li aria-level=\"1\"><b><span style=\"vertical-align: inherit;\"><span style=\"vertical-align: inherit;\"><span style=\"vertical-align: inherit;\"><span style=\"vertical-align: inherit;\"><span style=\"vertical-align: inherit;\"><span style=\"vertical-align: inherit;\"><span style=\"vertical-align: inherit;\"><span style=\"vertical-align: inherit;\">Seguro m\u00e9dico:\u00a0 <\/span><\/span><\/span><\/span><\/span><\/span><\/span><\/span><\/b><span style=\"font-weight: 400;\"><span style=\"vertical-align: inherit;\"><span style=\"vertical-align: inherit;\"><span style=\"vertical-align: inherit;\"><span style=\"vertical-align: inherit;\"><span style=\"vertical-align: inherit;\"><span style=\"vertical-align: inherit;\"><span style=\"vertical-align: inherit;\"><span style=\"vertical-align: inherit;\">El seguro m\u00e9dico est\u00e1 exento de impuestos y no se considera renta por lo que encaja perfectamente en esta modalidad de retribuci\u00f3n flexible. <\/span><\/span><\/span><\/span><\/span><\/span><\/span><span style=\"vertical-align: inherit;\"><span style=\"vertical-align: inherit;\"><span style=\"vertical-align: inherit;\"><span style=\"vertical-align: inherit;\"><span style=\"vertical-align: inherit;\"><span style=\"vertical-align: inherit;\"><span style=\"vertical-align: inherit;\">Con este servicio se demuestra una clara preocupaci\u00f3n por parte de la empresa en la salud y cuidado de sus equipos.<\/span><\/span><\/span><\/span><\/span><\/span><\/span><\/span><\/span><\/li>\n<\/ul>\n<p><b><\/b><br \/>\n<b><\/b><\/p>\n<ul>\n<li aria-level=\"1\"><b><span style=\"vertical-align: inherit;\"><span style=\"vertical-align: inherit;\"><span style=\"vertical-align: inherit;\"><span style=\"vertical-align: inherit;\"><span style=\"vertical-align: inherit;\"><span style=\"vertical-align: inherit;\"><span style=\"vertical-align: inherit;\"><span style=\"vertical-align: inherit;\">Formaci\u00f3n: <\/span><\/span><\/span><\/span><\/span><\/span><\/span><\/span><\/b><span style=\"font-weight: 400;\"><span style=\"vertical-align: inherit;\"><span style=\"vertical-align: inherit;\"><span style=\"vertical-align: inherit;\"><span style=\"vertical-align: inherit;\"><span style=\"vertical-align: inherit;\"><span style=\"vertical-align: inherit;\"><span style=\"vertical-align: inherit;\"><span style=\"vertical-align: inherit;\">Este plan contempla tanto la formaci\u00f3n que el miembro de un equipo recibe fuera de la empresa como dentro de la misma. <\/span><\/span><\/span><\/span><\/span><\/span><\/span><span style=\"vertical-align: inherit;\"><span style=\"vertical-align: inherit;\"><span style=\"vertical-align: inherit;\"><span style=\"vertical-align: inherit;\"><span style=\"vertical-align: inherit;\"><span style=\"vertical-align: inherit;\"><span style=\"vertical-align: inherit;\">Si cabe la posibilidad de que se ofrezca formaci\u00f3n a nivel interno es mucho mejor para aplicar modelos de desarrollo como son <\/span><\/span><\/span><\/span><\/span><\/span><\/span><\/span><\/span><a href=\"https:\/\/mindgram.com\/es\/upskilling-y-reskilling-la-gestion-del-talento-en-tu-organizacion\/\"><b><span style=\"vertical-align: inherit;\"><span style=\"vertical-align: inherit;\"><span style=\"vertical-align: inherit;\"><span style=\"vertical-align: inherit;\"><span style=\"vertical-align: inherit;\"><span style=\"vertical-align: inherit;\"><span style=\"vertical-align: inherit;\"><span style=\"vertical-align: inherit;\">upskilling y reskilling<\/span><\/span><\/span><\/span><\/span><\/span><\/span><\/span><\/b><\/a><b><span style=\"vertical-align: inherit;\"><span style=\"vertical-align: inherit;\"><span style=\"vertical-align: inherit;\"><span style=\"vertical-align: inherit;\"><span style=\"vertical-align: inherit;\"><span style=\"vertical-align: inherit;\"><span style=\"vertical-align: inherit;\"><span style=\"vertical-align: inherit;\"> . <\/span><\/span><\/span><\/span><\/span><\/span><\/span><\/span><\/b><span style=\"font-weight: 400;\"><span style=\"vertical-align: inherit;\"><span style=\"vertical-align: inherit;\"><span style=\"vertical-align: inherit;\"><span style=\"vertical-align: inherit;\"><span style=\"vertical-align: inherit;\"><span style=\"vertical-align: inherit;\"><span style=\"vertical-align: inherit;\"><span style=\"vertical-align: inherit;\">En caso contrario y que la formaci\u00f3n sea externa, gracias al modelo de retribuci\u00f3n flexible estar\u00e1 exenta de impuestos completamente.<\/span><\/span><\/span><\/span><\/span><\/span><\/span><\/span><\/span><\/li>\n<\/ul>\n<p><b><\/b><br \/>\n<b><\/b><\/p>\n<ul>\n<li aria-level=\"1\"><b><span style=\"vertical-align: inherit;\"><span style=\"vertical-align: inherit;\"><span style=\"vertical-align: inherit;\"><span style=\"vertical-align: inherit;\"><span style=\"vertical-align: inherit;\"><span style=\"vertical-align: inherit;\"><span style=\"vertical-align: inherit;\"><span style=\"vertical-align: inherit;\">Guarder\u00eda: <\/span><\/span><\/span><\/span><\/span><\/span><\/span><\/span><\/b><span style=\"font-weight: 400;\"><span style=\"vertical-align: inherit;\"><span style=\"vertical-align: inherit;\"><span style=\"vertical-align: inherit;\"><span style=\"vertical-align: inherit;\"><span style=\"vertical-align: inherit;\"><span style=\"vertical-align: inherit;\"><span style=\"vertical-align: inherit;\"><span style=\"vertical-align: inherit;\">Una medida positiva conciliadora que puede ser de much\u00edsima ayuda y que es perfecta para aquellas personas con hijos menores de tres a\u00f1os.\u00a0<\/span><\/span><\/span><\/span><\/span><\/span><\/span><\/span><\/span><\/li>\n<\/ul>\n<p><b><\/b><br \/>\n<b><\/b><\/p>\n<ul>\n<li aria-level=\"1\"><b><span style=\"vertical-align: inherit;\"><span style=\"vertical-align: inherit;\"><span style=\"vertical-align: inherit;\"><span style=\"vertical-align: inherit;\"><span style=\"vertical-align: inherit;\"><span style=\"vertical-align: inherit;\"><span style=\"vertical-align: inherit;\"><span style=\"vertical-align: inherit;\">Gimnasio: <\/span><\/span><\/span><\/span><\/span><\/span><\/span><\/span><\/b><span style=\"font-weight: 400;\"><span style=\"vertical-align: inherit;\"><span style=\"vertical-align: inherit;\"><span style=\"vertical-align: inherit;\"><span style=\"vertical-align: inherit;\"><span style=\"vertical-align: inherit;\"><span style=\"vertical-align: inherit;\"><span style=\"vertical-align: inherit;\"><span style=\"vertical-align: inherit;\">Un cuidado adecuado de la salud mental viene siempre acompa\u00f1ado de h\u00e1bitos saludables en el estado f\u00edsico por lo que ofrece este servicio dentro del modelo de retribuci\u00f3n flexible ayudar\u00e1 a los equipos a encontrarse en un estado de bienestar general mucho mejor.\u00a0<\/span><\/span><\/span><\/span><\/span><\/span><\/span><\/span><\/span><\/li>\n<\/ul>\n<p><b><\/b><br \/>\n<b><\/b><\/p>\n<ul>\n<li aria-level=\"1\"><b><span style=\"vertical-align: inherit;\"><span style=\"vertical-align: inherit;\"><span style=\"vertical-align: inherit;\"><span style=\"vertical-align: inherit;\"><span style=\"vertical-align: inherit;\"><span style=\"vertical-align: inherit;\"><span style=\"vertical-align: inherit;\"><span style=\"vertical-align: inherit;\">Herramientas de bienestar y salud mental: <\/span><\/span><\/span><\/span><\/span><\/span><\/span><\/span><\/b><span style=\"font-weight: 400;\"><span style=\"vertical-align: inherit;\"><span style=\"vertical-align: inherit;\"><span style=\"vertical-align: inherit;\"><span style=\"vertical-align: inherit;\"><span style=\"vertical-align: inherit;\"><span style=\"vertical-align: inherit;\"><span style=\"vertical-align: inherit;\"><span style=\"vertical-align: inherit;\">Ofrecer a su equipo acceso a herramientas de <a href=\"https:\/\/mindgram.com\/es\/como-funciona\/\" target=\"_blank\" rel=\"noopener\">apoyo psicol\u00f3gico como Mindgram<\/a> puede ayudar a aumentar de forma directa su bienestar y salud mental. <\/span><\/span><\/span><\/span><\/span><\/span><\/span><\/span><\/span><\/li>\n<\/ul>\n<p><span style=\"font-weight: 400;\"><span style=\"vertical-align: inherit;\"><span style=\"vertical-align: inherit;\"><span style=\"vertical-align: inherit;\"><span style=\"vertical-align: inherit;\"><span style=\"vertical-align: inherit;\"><span style=\"vertical-align: inherit;\">Estos son los servicios principales que destacamos a la hora de plantear el modelo de retribuci\u00f3n flexible y que creemos que mejor pueden funcionar ya que est\u00e1n ligados a la mejora del bienestar en los equipos.\u00a0<\/span><\/span><\/span><\/span><\/span><\/span><\/span><\/p>\n<h2><b><span style=\"vertical-align: inherit;\"><span style=\"vertical-align: inherit;\"><span style=\"vertical-align: inherit;\"><span style=\"vertical-align: inherit;\"><span style=\"vertical-align: inherit;\"><span style=\"vertical-align: inherit;\">\u00bfC\u00f3mo debemos aplicarlos?<\/span><\/span><\/span><\/span><\/span><\/span><\/b><\/h2>\n<p><span style=\"font-weight: 400;\"><span style=\"vertical-align: inherit;\"><span style=\"vertical-align: inherit;\"><span style=\"vertical-align: inherit;\"><span style=\"vertical-align: inherit;\"><span style=\"vertical-align: inherit;\"><span style=\"vertical-align: inherit;\">Para poder elegir los mejores servicios a ofrecer, es necesario conocer las necesidades del equipo. <\/span><\/span><\/span><\/span><\/span><span style=\"vertical-align: inherit;\"><span style=\"vertical-align: inherit;\"><span style=\"vertical-align: inherit;\"><span style=\"vertical-align: inherit;\"><span style=\"vertical-align: inherit;\">Esto puede variar dependiendo de factores como la edad media del equipo, estilo de vida, necesidades particulares, etc.<\/span><\/span><\/span><\/span><\/span><\/span><\/span><\/p>\n<p><span style=\"font-weight: 400;\"><span style=\"vertical-align: inherit;\"><span style=\"vertical-align: inherit;\"><span style=\"vertical-align: inherit;\"><span style=\"vertical-align: inherit;\"><span style=\"vertical-align: inherit;\"><span style=\"vertical-align: inherit;\">Consideramos que la comunicaci\u00f3n con los equipos es la clave para poder aplicar este modelo correctamente. <\/span><\/span><\/span><\/span><\/span><span style=\"vertical-align: inherit;\"><span style=\"vertical-align: inherit;\"><span style=\"vertical-align: inherit;\"><span style=\"vertical-align: inherit;\"><span style=\"vertical-align: inherit;\">Muchas veces existe por parte de los equipos un desconocimiento de los beneficios que esta modalidad ofrece por lo que si se les transmite correctamente en qu\u00e9 consiste y todas las ventajas que pueden adquirir, los equipos percibir\u00e1n que son una parte esencial de la empresa la cual se preocupa de cuidar y dar comodidades.\u00a0<\/span><\/span><\/span><\/span><\/span><\/span><\/span><\/p>\n<p><span style=\"font-weight: 400;\"><span style=\"vertical-align: inherit;\"><span style=\"vertical-align: inherit;\"><span style=\"vertical-align: inherit;\"><span style=\"vertical-align: inherit;\"><span style=\"vertical-align: inherit;\"><span style=\"vertical-align: inherit;\">Una vez explicado correctamente todo lo que esta modalidad conlleva, ser\u00eda conveniente implementar un plan y mostrar un c\u00e1lculo que muestre como resultado el ahorro que la persona del equipo va a obtener.<\/span><\/span><\/span><\/span><\/span><\/span><\/span><\/p>\n<p><span style=\"font-weight: 400;\"><span style=\"vertical-align: inherit;\"><span style=\"vertical-align: inherit;\"><span style=\"vertical-align: inherit;\"><span style=\"vertical-align: inherit;\"><span style=\"vertical-align: inherit;\"><span style=\"vertical-align: inherit;\">Un seguimiento tras la puesta en marcha del plan ser\u00e1 tambi\u00e9n importante para conocer sus beneficios.<\/span><\/span><\/span><\/span><\/span><\/span><\/span><\/p>\n<h2><b><span style=\"vertical-align: inherit;\"><span style=\"vertical-align: inherit;\"><span style=\"vertical-align: inherit;\"><span style=\"vertical-align: inherit;\"><span style=\"vertical-align: inherit;\"><span style=\"vertical-align: inherit;\">Beneficios de aplicar el modelo de retribuci\u00f3n flexible<\/span><\/span><\/span><\/span><\/span><\/span><\/b><\/h2>\n<p><span style=\"font-weight: 400;\"><span style=\"vertical-align: inherit;\"><span style=\"vertical-align: inherit;\"><span style=\"vertical-align: inherit;\"><span style=\"vertical-align: inherit;\"><span style=\"vertical-align: inherit;\"><span style=\"vertical-align: inherit;\">La retribuci\u00f3n flexible puede ser muy positiva ya que promueve la conciliaci\u00f3n entre la empresa y cada una de las personas que la forman. <\/span><\/span><\/span><\/span><\/span><span style=\"vertical-align: inherit;\"><span style=\"vertical-align: inherit;\"><span style=\"vertical-align: inherit;\"><span style=\"vertical-align: inherit;\"><span style=\"vertical-align: inherit;\">Ofrecer facilidades como las mencionadas en este art\u00edculo puede conseguir <a href=\"https:\/\/mindgram.com\/es\/video\/webinar-trabajo-en-equipo\/\" target=\"_blank\" rel=\"noopener\">un equipo m\u00e1s comprometido<\/a>, productivo y concentrado en sus tareas ya que perciben que la organizaci\u00f3n se preocupa realmente por su bienestar y su salud.<\/span><\/span><\/span><\/span><\/span><\/span><\/span><\/p>\n<p><span style=\"font-weight: 400;\"><span style=\"vertical-align: inherit;\"><span style=\"vertical-align: inherit;\"><span style=\"vertical-align: inherit;\"><span style=\"vertical-align: inherit;\"><span style=\"vertical-align: inherit;\"><span style=\"vertical-align: inherit;\">Estas ventajas pueden favorecer el <\/span><\/span><strong><span style=\"vertical-align: inherit;\"><span style=\"vertical-align: inherit;\">employee <\/span><\/span><\/strong><\/span><\/span><\/span><\/span><strong><span style=\"vertical-align: inherit;\"><span style=\"vertical-align: inherit;\"><span style=\"vertical-align: inherit;\"><span style=\"vertical-align: inherit;\"><span style=\"vertical-align: inherit;\"><span style=\"vertical-align: inherit;\">branding<\/span><\/span><\/span><\/span><\/span><\/span><\/strong><span style=\"vertical-align: inherit;\"><span style=\"vertical-align: inherit;\"><span style=\"vertical-align: inherit;\"><span style=\"vertical-align: inherit;\"><span style=\"vertical-align: inherit;\"><span style=\"vertical-align: inherit;\"> de la organizaci\u00f3n y, por tanto, ayudar a retener y captar m\u00e1s talento.<\/span><\/span><\/span><\/span><\/span><\/span><\/span><\/p>\n<p><span style=\"font-weight: 400;\"><span style=\"vertical-align: inherit;\"><span style=\"vertical-align: inherit;\"><span style=\"vertical-align: inherit;\"><span style=\"vertical-align: inherit;\"><span style=\"vertical-align: inherit;\"><span style=\"vertical-align: inherit;\">Adem\u00e1s existe el beneficio de poder ofrecer un plan configurable en cuanto a las opciones de poder ofrecer la elecci\u00f3n de diferentes servicios.\u00a0\u00a0<\/span><\/span><\/span><\/span><\/span><\/span><\/span><\/p>\n<p><span style=\"font-weight: 400;\"><span style=\"vertical-align: inherit;\"><span style=\"vertical-align: inherit;\"><span style=\"vertical-align: inherit;\"><span style=\"vertical-align: inherit;\"><span style=\"vertical-align: inherit;\"><span style=\"vertical-align: inherit;\"><span style=\"vertical-align: inherit;\"><span style=\"vertical-align: inherit;\">Por supuesto, no podemos dejar de mencionar algo tan valioso como es el beneficio de la motivaci\u00f3n. <\/span><\/span><\/span><\/span><\/span><\/span><\/span><span style=\"vertical-align: inherit;\"><span style=\"vertical-align: inherit;\"><span style=\"vertical-align: inherit;\"><span style=\"vertical-align: inherit;\"><span style=\"vertical-align: inherit;\"><span style=\"vertical-align: inherit;\"><span style=\"vertical-align: inherit;\">Un equipo motivado, con herramientas que le permiten gestionar su salud mental, es un equipo dispuesto a trabajar y dar todo al m\u00e1ximo por la empresa creando de esta manera un entorno laboral sano y amigable.<\/span><\/span><\/span><\/span><\/span><\/span><\/span><\/span><\/span><\/p>\n","protected":false},"excerpt":{"rendered":"<p>La retribuci\u00f3n flexible ofrece la posibilidad de brindar a sus equipos la oportunidad de tener un beneficio fiscal percibiendo de esta manera un salario mayor lleno de servicios que se adaptan a las necesidades de cada miembro del equipo.\u00a0 Estos gastos que el trabajador incluyen dentro de su sistema de retribuci\u00f3n flexible quedan exentos de [&hellip;]<\/p>\n","protected":false},"author":26,"featured_media":4273,"comment_status":"open","ping_status":"open","sticky":false,"template":"","format":"standard","meta":{"_acf_changed":false,"inline_featured_image":false,"footnotes":""},"categories":[36,34],"tags":[],"class_list":["post-4066","post","type-post","status-publish","format-standard","has-post-thumbnail","hentry","category-bienestar","category-trabajo-y-desarrollo"],"acf":[],"yoast_head":"<!-- This site is optimized with the Yoast SEO plugin v26.3 - https:\/\/yoast.com\/wordpress\/plugins\/seo\/ -->\n<title>La retribuci\u00f3n flexible y el bienestar laboral - Mindgram<\/title>\n<meta name=\"description\" content=\"La retribuci\u00f3n flexible hace que tus equipos se comprometan m\u00e1s con la empresa y aumente la productividad \u00bfSabes de lo que hablamos? Desc\u00fabrelo.\" \/>\n<meta name=\"robots\" content=\"index, follow, max-snippet:-1, max-image-preview:large, max-video-preview:-1\" \/>\n<link rel=\"canonical\" href=\"https:\/\/mindgram.com\/es\/blog\/la-retribucion-flexible-y-el-bienestar-laboral\/\" \/>\n<meta property=\"og:locale\" content=\"es_ES\" \/>\n<meta property=\"og:type\" content=\"article\" \/>\n<meta property=\"og:title\" content=\"La retribuci\u00f3n flexible y el bienestar laboral - Mindgram\" \/>\n<meta property=\"og:description\" content=\"La retribuci\u00f3n flexible hace que tus equipos se comprometan m\u00e1s con la empresa y aumente la productividad \u00bfSabes de lo que hablamos? Desc\u00fabrelo.\" \/>\n<meta property=\"og:url\" content=\"https:\/\/mindgram.com\/es\/blog\/la-retribucion-flexible-y-el-bienestar-laboral\/\" \/>\n<meta property=\"og:site_name\" content=\"Mindgram\" \/>\n<meta property=\"article:published_time\" content=\"2022-05-09T09:30:27+00:00\" \/>\n<meta property=\"article:modified_time\" content=\"2022-08-01T12:04:45+00:00\" \/>\n<meta property=\"og:image\" content=\"https:\/\/mindgram.com\/wp-content\/uploads\/2022\/05\/09.05-blogPost.jpg\" \/>\n\t<meta property=\"og:image:width\" content=\"1200\" \/>\n\t<meta property=\"og:image:height\" content=\"630\" \/>\n\t<meta property=\"og:image:type\" content=\"image\/jpeg\" \/>\n<meta name=\"author\" content=\"Adam Czarnocki\" \/>\n<meta name=\"twitter:card\" content=\"summary_large_image\" \/>\n<script type=\"application\/ld+json\" class=\"yoast-schema-graph\">{\"@context\":\"https:\/\/schema.org\",\"@graph\":[{\"@type\":\"Article\",\"@id\":\"https:\/\/mindgram.com\/es\/blog\/la-retribucion-flexible-y-el-bienestar-laboral\/#article\",\"isPartOf\":{\"@id\":\"https:\/\/mindgram.com\/es\/blog\/la-retribucion-flexible-y-el-bienestar-laboral\/\"},\"author\":{\"name\":\"Adam Czarnocki\",\"@id\":\"https:\/\/mindgram.com\/es\/#\/schema\/person\/eb1d910cc5671513870f51626b36c816\"},\"headline\":\"La retribuci\u00f3n flexible y el bienestar laboral\",\"datePublished\":\"2022-05-09T09:30:27+00:00\",\"dateModified\":\"2022-08-01T12:04:45+00:00\",\"mainEntityOfPage\":{\"@id\":\"https:\/\/mindgram.com\/es\/blog\/la-retribucion-flexible-y-el-bienestar-laboral\/\"},\"wordCount\":962,\"commentCount\":0,\"publisher\":{\"@id\":\"https:\/\/mindgram.com\/es\/#organization\"},\"image\":{\"@id\":\"https:\/\/mindgram.com\/es\/blog\/la-retribucion-flexible-y-el-bienestar-laboral\/#primaryimage\"},\"thumbnailUrl\":\"https:\/\/mindgram.com\/wp-content\/uploads\/2022\/05\/09.05-blogPost.jpg\",\"articleSection\":[\"Bienestar\",\"Trabajo y desarrollo\"],\"inLanguage\":\"es\",\"potentialAction\":[{\"@type\":\"CommentAction\",\"name\":\"Comment\",\"target\":[\"https:\/\/mindgram.com\/es\/blog\/la-retribucion-flexible-y-el-bienestar-laboral\/#respond\"]}]},{\"@type\":\"WebPage\",\"@id\":\"https:\/\/mindgram.com\/es\/blog\/la-retribucion-flexible-y-el-bienestar-laboral\/\",\"url\":\"https:\/\/mindgram.com\/es\/blog\/la-retribucion-flexible-y-el-bienestar-laboral\/\",\"name\":\"La retribuci\u00f3n flexible y el bienestar laboral - Mindgram\",\"isPartOf\":{\"@id\":\"https:\/\/mindgram.com\/es\/#website\"},\"primaryImageOfPage\":{\"@id\":\"https:\/\/mindgram.com\/es\/blog\/la-retribucion-flexible-y-el-bienestar-laboral\/#primaryimage\"},\"image\":{\"@id\":\"https:\/\/mindgram.com\/es\/blog\/la-retribucion-flexible-y-el-bienestar-laboral\/#primaryimage\"},\"thumbnailUrl\":\"https:\/\/mindgram.com\/wp-content\/uploads\/2022\/05\/09.05-blogPost.jpg\",\"datePublished\":\"2022-05-09T09:30:27+00:00\",\"dateModified\":\"2022-08-01T12:04:45+00:00\",\"description\":\"La retribuci\u00f3n flexible hace que tus equipos se comprometan m\u00e1s con la empresa y aumente la productividad \u00bfSabes de lo que hablamos? Desc\u00fabrelo.\",\"breadcrumb\":{\"@id\":\"https:\/\/mindgram.com\/es\/blog\/la-retribucion-flexible-y-el-bienestar-laboral\/#breadcrumb\"},\"inLanguage\":\"es\",\"potentialAction\":[{\"@type\":\"ReadAction\",\"target\":[\"https:\/\/mindgram.com\/es\/blog\/la-retribucion-flexible-y-el-bienestar-laboral\/\"]}]},{\"@type\":\"ImageObject\",\"inLanguage\":\"es\",\"@id\":\"https:\/\/mindgram.com\/es\/blog\/la-retribucion-flexible-y-el-bienestar-laboral\/#primaryimage\",\"url\":\"https:\/\/mindgram.com\/wp-content\/uploads\/2022\/05\/09.05-blogPost.jpg\",\"contentUrl\":\"https:\/\/mindgram.com\/wp-content\/uploads\/2022\/05\/09.05-blogPost.jpg\",\"width\":1200,\"height\":630,\"caption\":\"felicidad retribuci\u00f3n flexible\"},{\"@type\":\"BreadcrumbList\",\"@id\":\"https:\/\/mindgram.com\/es\/blog\/la-retribucion-flexible-y-el-bienestar-laboral\/#breadcrumb\",\"itemListElement\":[{\"@type\":\"ListItem\",\"position\":1,\"name\":\"Home\",\"item\":\"https:\/\/mindgram.com\/es\/\"},{\"@type\":\"ListItem\",\"position\":2,\"name\":\"La retribuci\u00f3n flexible y el bienestar laboral\"}]},{\"@type\":\"WebSite\",\"@id\":\"https:\/\/mindgram.com\/es\/#website\",\"url\":\"https:\/\/mindgram.com\/es\/\",\"name\":\"Mindgram\",\"description\":\"Najnowocze\u015bniejszy benefit pracowniczy. Ju\u017c niebawem w Polsce! Wsparcie psychologiczne i rozw\u00f3j osobisty online dla Twoich pracownik\u00f3w.\",\"publisher\":{\"@id\":\"https:\/\/mindgram.com\/es\/#organization\"},\"potentialAction\":[{\"@type\":\"SearchAction\",\"target\":{\"@type\":\"EntryPoint\",\"urlTemplate\":\"https:\/\/mindgram.com\/es\/?s={search_term_string}\"},\"query-input\":{\"@type\":\"PropertyValueSpecification\",\"valueRequired\":true,\"valueName\":\"search_term_string\"}}],\"inLanguage\":\"es\"},{\"@type\":\"Organization\",\"@id\":\"https:\/\/mindgram.com\/es\/#organization\",\"name\":\"Mindgram\",\"url\":\"https:\/\/mindgram.com\/es\/\",\"logo\":{\"@type\":\"ImageObject\",\"inLanguage\":\"es\",\"@id\":\"https:\/\/mindgram.com\/es\/#\/schema\/logo\/image\/\",\"url\":\"https:\/\/mindgram.com\/wp-content\/uploads\/2021\/02\/new-logo.png\",\"contentUrl\":\"https:\/\/mindgram.com\/wp-content\/uploads\/2021\/02\/new-logo.png\",\"width\":288,\"height\":56,\"caption\":\"Mindgram\"},\"image\":{\"@id\":\"https:\/\/mindgram.com\/es\/#\/schema\/logo\/image\/\"}},{\"@type\":\"Person\",\"@id\":\"https:\/\/mindgram.com\/es\/#\/schema\/person\/eb1d910cc5671513870f51626b36c816\",\"name\":\"Adam Czarnocki\",\"image\":{\"@type\":\"ImageObject\",\"inLanguage\":\"es\",\"@id\":\"https:\/\/mindgram.com\/es\/#\/schema\/person\/image\/\",\"url\":\"https:\/\/secure.gravatar.com\/avatar\/60c218ac6eac4a6f73d24e08900b8b0474c4c98cc3e40436320b24e06782ae2b?s=96&d=mm&r=g\",\"contentUrl\":\"https:\/\/secure.gravatar.com\/avatar\/60c218ac6eac4a6f73d24e08900b8b0474c4c98cc3e40436320b24e06782ae2b?s=96&d=mm&r=g\",\"caption\":\"Adam Czarnocki\"},\"url\":\"https:\/\/mindgram.com\/es\/author\/adam-czarnocki\/\"}]}<\/script>\n<!-- \/ Yoast SEO plugin. -->","yoast_head_json":{"title":"La retribuci\u00f3n flexible y el bienestar laboral - Mindgram","description":"La retribuci\u00f3n flexible hace que tus equipos se comprometan m\u00e1s con la empresa y aumente la productividad \u00bfSabes de lo que hablamos? Desc\u00fabrelo.","robots":{"index":"index","follow":"follow","max-snippet":"max-snippet:-1","max-image-preview":"max-image-preview:large","max-video-preview":"max-video-preview:-1"},"canonical":"https:\/\/mindgram.com\/es\/blog\/la-retribucion-flexible-y-el-bienestar-laboral\/","og_locale":"es_ES","og_type":"article","og_title":"La retribuci\u00f3n flexible y el bienestar laboral - Mindgram","og_description":"La retribuci\u00f3n flexible hace que tus equipos se comprometan m\u00e1s con la empresa y aumente la productividad \u00bfSabes de lo que hablamos? Desc\u00fabrelo.","og_url":"https:\/\/mindgram.com\/es\/blog\/la-retribucion-flexible-y-el-bienestar-laboral\/","og_site_name":"Mindgram","article_published_time":"2022-05-09T09:30:27+00:00","article_modified_time":"2022-08-01T12:04:45+00:00","og_image":[{"width":1200,"height":630,"url":"https:\/\/mindgram.com\/wp-content\/uploads\/2022\/05\/09.05-blogPost.jpg","type":"image\/jpeg"}],"author":"Adam Czarnocki","twitter_card":"summary_large_image","schema":{"@context":"https:\/\/schema.org","@graph":[{"@type":"Article","@id":"https:\/\/mindgram.com\/es\/blog\/la-retribucion-flexible-y-el-bienestar-laboral\/#article","isPartOf":{"@id":"https:\/\/mindgram.com\/es\/blog\/la-retribucion-flexible-y-el-bienestar-laboral\/"},"author":{"name":"Adam Czarnocki","@id":"https:\/\/mindgram.com\/es\/#\/schema\/person\/eb1d910cc5671513870f51626b36c816"},"headline":"La retribuci\u00f3n flexible y el bienestar laboral","datePublished":"2022-05-09T09:30:27+00:00","dateModified":"2022-08-01T12:04:45+00:00","mainEntityOfPage":{"@id":"https:\/\/mindgram.com\/es\/blog\/la-retribucion-flexible-y-el-bienestar-laboral\/"},"wordCount":962,"commentCount":0,"publisher":{"@id":"https:\/\/mindgram.com\/es\/#organization"},"image":{"@id":"https:\/\/mindgram.com\/es\/blog\/la-retribucion-flexible-y-el-bienestar-laboral\/#primaryimage"},"thumbnailUrl":"https:\/\/mindgram.com\/wp-content\/uploads\/2022\/05\/09.05-blogPost.jpg","articleSection":["Bienestar","Trabajo y desarrollo"],"inLanguage":"es","potentialAction":[{"@type":"CommentAction","name":"Comment","target":["https:\/\/mindgram.com\/es\/blog\/la-retribucion-flexible-y-el-bienestar-laboral\/#respond"]}]},{"@type":"WebPage","@id":"https:\/\/mindgram.com\/es\/blog\/la-retribucion-flexible-y-el-bienestar-laboral\/","url":"https:\/\/mindgram.com\/es\/blog\/la-retribucion-flexible-y-el-bienestar-laboral\/","name":"La retribuci\u00f3n flexible y el bienestar laboral - Mindgram","isPartOf":{"@id":"https:\/\/mindgram.com\/es\/#website"},"primaryImageOfPage":{"@id":"https:\/\/mindgram.com\/es\/blog\/la-retribucion-flexible-y-el-bienestar-laboral\/#primaryimage"},"image":{"@id":"https:\/\/mindgram.com\/es\/blog\/la-retribucion-flexible-y-el-bienestar-laboral\/#primaryimage"},"thumbnailUrl":"https:\/\/mindgram.com\/wp-content\/uploads\/2022\/05\/09.05-blogPost.jpg","datePublished":"2022-05-09T09:30:27+00:00","dateModified":"2022-08-01T12:04:45+00:00","description":"La retribuci\u00f3n flexible hace que tus equipos se comprometan m\u00e1s con la empresa y aumente la productividad \u00bfSabes de lo que hablamos? Desc\u00fabrelo.","breadcrumb":{"@id":"https:\/\/mindgram.com\/es\/blog\/la-retribucion-flexible-y-el-bienestar-laboral\/#breadcrumb"},"inLanguage":"es","potentialAction":[{"@type":"ReadAction","target":["https:\/\/mindgram.com\/es\/blog\/la-retribucion-flexible-y-el-bienestar-laboral\/"]}]},{"@type":"ImageObject","inLanguage":"es","@id":"https:\/\/mindgram.com\/es\/blog\/la-retribucion-flexible-y-el-bienestar-laboral\/#primaryimage","url":"https:\/\/mindgram.com\/wp-content\/uploads\/2022\/05\/09.05-blogPost.jpg","contentUrl":"https:\/\/mindgram.com\/wp-content\/uploads\/2022\/05\/09.05-blogPost.jpg","width":1200,"height":630,"caption":"felicidad retribuci\u00f3n flexible"},{"@type":"BreadcrumbList","@id":"https:\/\/mindgram.com\/es\/blog\/la-retribucion-flexible-y-el-bienestar-laboral\/#breadcrumb","itemListElement":[{"@type":"ListItem","position":1,"name":"Home","item":"https:\/\/mindgram.com\/es\/"},{"@type":"ListItem","position":2,"name":"La retribuci\u00f3n flexible y el bienestar laboral"}]},{"@type":"WebSite","@id":"https:\/\/mindgram.com\/es\/#website","url":"https:\/\/mindgram.com\/es\/","name":"Mindgram","description":"Najnowocze\u015bniejszy benefit pracowniczy. Ju\u017c niebawem w Polsce! Wsparcie psychologiczne i rozw\u00f3j osobisty online dla Twoich pracownik\u00f3w.","publisher":{"@id":"https:\/\/mindgram.com\/es\/#organization"},"potentialAction":[{"@type":"SearchAction","target":{"@type":"EntryPoint","urlTemplate":"https:\/\/mindgram.com\/es\/?s={search_term_string}"},"query-input":{"@type":"PropertyValueSpecification","valueRequired":true,"valueName":"search_term_string"}}],"inLanguage":"es"},{"@type":"Organization","@id":"https:\/\/mindgram.com\/es\/#organization","name":"Mindgram","url":"https:\/\/mindgram.com\/es\/","logo":{"@type":"ImageObject","inLanguage":"es","@id":"https:\/\/mindgram.com\/es\/#\/schema\/logo\/image\/","url":"https:\/\/mindgram.com\/wp-content\/uploads\/2021\/02\/new-logo.png","contentUrl":"https:\/\/mindgram.com\/wp-content\/uploads\/2021\/02\/new-logo.png","width":288,"height":56,"caption":"Mindgram"},"image":{"@id":"https:\/\/mindgram.com\/es\/#\/schema\/logo\/image\/"}},{"@type":"Person","@id":"https:\/\/mindgram.com\/es\/#\/schema\/person\/eb1d910cc5671513870f51626b36c816","name":"Adam Czarnocki","image":{"@type":"ImageObject","inLanguage":"es","@id":"https:\/\/mindgram.com\/es\/#\/schema\/person\/image\/","url":"https:\/\/secure.gravatar.com\/avatar\/60c218ac6eac4a6f73d24e08900b8b0474c4c98cc3e40436320b24e06782ae2b?s=96&d=mm&r=g","contentUrl":"https:\/\/secure.gravatar.com\/avatar\/60c218ac6eac4a6f73d24e08900b8b0474c4c98cc3e40436320b24e06782ae2b?s=96&d=mm&r=g","caption":"Adam Czarnocki"},"url":"https:\/\/mindgram.com\/es\/author\/adam-czarnocki\/"}]}},"_links":{"self":[{"href":"https:\/\/mindgram.com\/es\/wp-json\/wp\/v2\/posts\/4066","targetHints":{"allow":["GET"]}}],"collection":[{"href":"https:\/\/mindgram.com\/es\/wp-json\/wp\/v2\/posts"}],"about":[{"href":"https:\/\/mindgram.com\/es\/wp-json\/wp\/v2\/types\/post"}],"author":[{"embeddable":true,"href":"https:\/\/mindgram.com\/es\/wp-json\/wp\/v2\/users\/26"}],"replies":[{"embeddable":true,"href":"https:\/\/mindgram.com\/es\/wp-json\/wp\/v2\/comments?post=4066"}],"version-history":[{"count":13,"href":"https:\/\/mindgram.com\/es\/wp-json\/wp\/v2\/posts\/4066\/revisions"}],"predecessor-version":[{"id":4429,"href":"https:\/\/mindgram.com\/es\/wp-json\/wp\/v2\/posts\/4066\/revisions\/4429"}],"wp:featuredmedia":[{"embeddable":true,"href":"https:\/\/mindgram.com\/es\/wp-json\/wp\/v2\/media\/4273"}],"wp:attachment":[{"href":"https:\/\/mindgram.com\/es\/wp-json\/wp\/v2\/media?parent=4066"}],"wp:term":[{"taxonomy":"category","embeddable":true,"href":"https:\/\/mindgram.com\/es\/wp-json\/wp\/v2\/categories?post=4066"},{"taxonomy":"post_tag","embeddable":true,"href":"https:\/\/mindgram.com\/es\/wp-json\/wp\/v2\/tags?post=4066"}],"curies":[{"name":"wp","href":"https:\/\/api.w.org\/{rel}","templated":true}]}}